{"id":9494,"date":"2021-10-14T05:15:00","date_gmt":"2021-10-14T05:15:00","guid":{"rendered":"http:\/\/www.museogrigio.it\/wp\/?p=9494"},"modified":"2021-10-14T05:20:44","modified_gmt":"2021-10-14T05:20:44","slug":"alla-scoperta-del-pianeta-degli-ultras-lariani","status":"publish","type":"post","link":"https:\/\/www.museogrigio.it\/wp\/alla-scoperta-del-pianeta-degli-ultras-lariani\/","title":{"rendered":"Alla scoperta del pianeta degli Ultras lariani"},"content":{"rendered":"<p><a href=\"http:\/\/www.museogrigio.it\/wp\/wp-content\/uploads\/2016\/09\/tifo-como-2.jpg\"><img loading=\"lazy\" decoding=\"async\" class=\"alignnone size-full wp-image-9496\" src=\"http:\/\/www.museogrigio.it\/wp\/wp-content\/uploads\/2016\/09\/tifo-como-2.jpg\" alt=\"tifo-como-2\" width=\"1772\" height=\"1181\" srcset=\"https:\/\/www.museogrigio.it\/wp\/wp-content\/uploads\/2016\/09\/tifo-como-2.jpg 1772w, https:\/\/www.museogrigio.it\/wp\/wp-content\/uploads\/2016\/09\/tifo-como-2-300x200.jpg 300w, https:\/\/www.museogrigio.it\/wp\/wp-content\/uploads\/2016\/09\/tifo-como-2-1024x682.jpg 1024w, https:\/\/www.museogrigio.it\/wp\/wp-content\/uploads\/2016\/09\/tifo-como-2-624x416.jpg 624w\" sizes=\"auto, (max-width: 1772px) 100vw, 1772px\" \/><\/a><\/p>\n<p><strong>Como<\/strong> \u00e8 una citt\u00e0 dalle dimensioni ridotte, ma pu\u00f2 contare sull\u2019appoggio di un\u2019intera provincia, di <strong>una tifoseria<\/strong> che risente della vicinanza di <strong>Milan, Inter, e di quella relativa della Juventus<\/strong>, di <strong>supporters<\/strong> che dalla met\u00e0 degli anni \u201970 a diverse riprese <strong>hanno visto la serie A in presa diretta e molti campionati esaltanti di serie B<\/strong>, con molti giovani campioni, a vestire la maglia azzurra. In particolare i lariani si sono s<strong>empre distinti per partecipazione<\/strong>, particolarit\u00e0 e ed originalit\u00e0 nel panorama ultras italiano.<\/p>\n<p><a href=\"http:\/\/www.museogrigio.it\/wp\/wp-content\/uploads\/2016\/09\/stadio-sinigaglia-como.jpg\"><img loading=\"lazy\" decoding=\"async\" class=\"alignnone size-full wp-image-9497\" src=\"http:\/\/www.museogrigio.it\/wp\/wp-content\/uploads\/2016\/09\/stadio-sinigaglia-como.jpg\" alt=\"stadio-sinigaglia-como\" width=\"1000\" height=\"575\" srcset=\"https:\/\/www.museogrigio.it\/wp\/wp-content\/uploads\/2016\/09\/stadio-sinigaglia-como.jpg 1000w, https:\/\/www.museogrigio.it\/wp\/wp-content\/uploads\/2016\/09\/stadio-sinigaglia-como-300x173.jpg 300w, https:\/\/www.museogrigio.it\/wp\/wp-content\/uploads\/2016\/09\/stadio-sinigaglia-como-624x359.jpg 624w\" sizes=\"auto, (max-width: 1000px) 100vw, 1000px\" \/><\/a><\/p>\n<p><strong>Il tifo organizzato,<\/strong> come <strong>ultras a Como<\/strong> vide la luce a met\u00e0 degli anni \u201970. Uno dei primi gruppi ultras ad apparire sulla scena furono <strong>i Panthers<\/strong>, ancora ai giorni nostri un valido punto di riferimento per la tifoseria comasca. Negli anni successivi si fecero largo gli <strong>Ultras Como<\/strong>, che prepararono la &#8220;terza fase&#8221;, cio\u00e8 quella dell\u2019avvento della storica <strong>Fossa Lariana<\/strong>.<\/p>\n<p><a href=\"http:\/\/www.museogrigio.it\/wp\/wp-content\/uploads\/2016\/09\/fossa-lariana.jpg\"><img loading=\"lazy\" decoding=\"async\" class=\"alignnone size-full wp-image-9498\" src=\"http:\/\/www.museogrigio.it\/wp\/wp-content\/uploads\/2016\/09\/fossa-lariana.jpg\" alt=\"fossa-lariana\" width=\"1575\" height=\"1025\" srcset=\"https:\/\/www.museogrigio.it\/wp\/wp-content\/uploads\/2016\/09\/fossa-lariana.jpg 1575w, https:\/\/www.museogrigio.it\/wp\/wp-content\/uploads\/2016\/09\/fossa-lariana-300x195.jpg 300w, https:\/\/www.museogrigio.it\/wp\/wp-content\/uploads\/2016\/09\/fossa-lariana-1024x666.jpg 1024w, https:\/\/www.museogrigio.it\/wp\/wp-content\/uploads\/2016\/09\/fossa-lariana-624x406.jpg 624w\" sizes=\"auto, (max-width: 1575px) 100vw, 1575px\" \/><\/a><\/p>\n<p><strong>La Fossa<\/strong> fu sempre riconosciuta come u<strong>no dei migliori gruppi degli anni \u201980<\/strong>. Ancora oggi la si ricorda per la sua <strong>mentalit\u00e0 goliardica e spensierata<\/strong> e per la sua organizzazione capillare, con <strong>tantissime sezioni sparse in varie localit\u00e0 della Lombardia<\/strong> e non solo (vi era una s<strong>ezione della Fossa anche nel Lazio<\/strong>). Tale esplosione di tifo per le maglie azzurre fu la conseguenza di una squadra che si afferm\u00f2 come <strong>una della pi\u00f9 grandi rivelazione del calcio italiano,<\/strong> e che infiammava in quegli anni <strong>(il decennio d\u2019oro dal 1980 al 1989)<\/strong> appassionati di tutte le et\u00e0 e dalle provenienze pi\u00f9 varie. <strong>Lo scioglimento della Fossa Lariana, avvenuto nel 1990<\/strong>, lasci\u00f2 un vuoto sugli spalti del <strong>Sinigaglia<\/strong>, colmato in parte dalla breve parentesi dei <strong>Maestri Comacini<\/strong>, nati nel 1992 e che sperimentarono un cambiamento estetico nella <strong>curva lariana<\/strong>. Una rivoluzione, con un modo di tifare <strong>britsh-style<\/strong>, completata poco dopo dai <strong>Blue Fans<\/strong>, veri eredi della <strong>gloriosa Fossa<\/strong>. Nel 1996 il gruppo trainante decise di spostarsi, insieme agli altri gruppi minori nati in quegli anni, <strong>nella parte bassa della curva ovest<\/strong> e di raccogliersi dietro una miriade di stendardi. Il progetto dei <strong>BlueFans<\/strong> aveva come obiettivo la riunione sotto un unico coordinamento di tutte le anime storiche della <strong>tifoseria del Como<\/strong>.<\/p>\n<p><iframe loading=\"lazy\" title=\"FOSSA LARIANA - Azzurro e nient&#039;altro -\" width=\"1080\" height=\"608\" src=\"https:\/\/www.youtube.com\/embed\/nR1jGG7tjNM?feature=oembed\"  allow=\"accelerometer; autoplay; clipboard-write; encrypted-media; gyroscope; picture-in-picture\" allowfullscreen><\/iframe><\/p>\n<p>Tra i gruppi attivi negli anni passati da ricordare i <strong>North Side della zona di Cant\u00f9, gli Sbandati e la Brigata Federico Barbarossa<\/strong>, formata da esponenti con lunga militanza ultras alle spalle. Falcidiati dalle diffide, i<strong> Blue Fans<\/strong> annunciarono il loro scioglimento ufficiale nel 2001. La curva, dopo un periodo tribolato in cui <strong>apparivano in curva solo stendardi e striscioni di incitamento<\/strong>, torn\u00f2 ad animarsi anche grazie al doppio balzo in avanti dalla terza serie alla A. La tifoseria torn\u00f2 in massa sugli spalti del Singaglia, e fu espressa dalla curva una ancora migliore attitudine britannica nel modo di tifare e di presentarsi in curva.<\/p>\n<p><iframe loading=\"lazy\" title=\"striscioni e pezze rubate: ultras como\" width=\"1080\" height=\"810\" src=\"https:\/\/www.youtube.com\/embed\/L0seyFp_-U4?feature=oembed\"  allow=\"accelerometer; autoplay; clipboard-write; encrypted-media; gyroscope; picture-in-picture\" allowfullscreen><\/iframe><\/p>\n<p><strong>La repentina discesa dalla serie A al fallimento<\/strong>, ha visto stagioni caratterizzate dal nuovo disinnamoramento verso la squadra e soprattutto da <strong>numerose diffide dei principali esponenti<\/strong>, fatto quest\u2019ultimo che ha contribuito al periodo difficile della tifoseria lariana.<\/p>\n<p><a href=\"http:\/\/www.museogrigio.it\/wp\/wp-content\/uploads\/2016\/09\/tifo-como-1.jpg\"><img loading=\"lazy\" decoding=\"async\" class=\"alignnone size-full wp-image-9500\" src=\"http:\/\/www.museogrigio.it\/wp\/wp-content\/uploads\/2016\/09\/tifo-como-1.jpg\" alt=\"tifo-como-1\" width=\"1979\" height=\"787\" srcset=\"https:\/\/www.museogrigio.it\/wp\/wp-content\/uploads\/2016\/09\/tifo-como-1.jpg 1979w, https:\/\/www.museogrigio.it\/wp\/wp-content\/uploads\/2016\/09\/tifo-como-1-300x119.jpg 300w, https:\/\/www.museogrigio.it\/wp\/wp-content\/uploads\/2016\/09\/tifo-como-1-1024x407.jpg 1024w, https:\/\/www.museogrigio.it\/wp\/wp-content\/uploads\/2016\/09\/tifo-como-1-624x248.jpg 624w\" sizes=\"auto, (max-width: 1979px) 100vw, 1979px\" \/><\/a><\/p>\n<p>Per fare un esempio di quanto l\u2019amore e l\u2019affezione verso i colori della squadra della propria citt\u00e0 (in ogni categoria e ad ogni latitudine) siano alquanto volitivi, <strong>dopo gli anni difficili accennati sopra, nel 2007-&#8217;08, in serie D, per il big-match contro la Tritiumal Sinigaglia sono circa 3.000 gli spettatori<\/strong>, una cifra di assoluto rispetto.<\/p>\n<p><iframe loading=\"lazy\" title=\"Etg - Follia e violenza tra tifosi per Como-Inter: ecco la sequenza integrale girata dalla polizia\" width=\"1080\" height=\"810\" src=\"https:\/\/www.youtube.com\/embed\/xQJCqk4lGNA?feature=oembed\"  allow=\"accelerometer; autoplay; clipboard-write; encrypted-media; gyroscope; picture-in-picture\" allowfullscreen><\/iframe><\/p>\n<p><strong>Gemellaggio storico e consolidato \u00e8 quello con i vicentini<\/strong>. Ormai sciolto da parecchi anni quello di vecchia data che<strong> legava i comaschi ai milanisti<\/strong>. Congelata anche la <strong>vecchia amicizia con gli empoles<\/strong>i. <strong>Le rivalit\u00e0 principali e pi\u00f9 sentite<\/strong> sono, oltre a quella con <strong>gli odiatissimi vicini varesini e lecchesi, con il Monza, quella con gli ultras del Modena, del Livorno, del Venezia, e della Pistoiese.<\/strong> Rivalit\u00e0 ereditate dagli anni passati in massima serie quelle c<strong>on interisti, atalantini e fiorentini <\/strong>(famosissimo lo striscione di quest\u2019ultimi in una trasferta in riva al lago: <strong><em>\u201cVoi Co\u2019maschi, Noi co\u2026le femmine\u201d<\/em><\/strong>).<\/p>\n<p>Arrivando ai giorni nostri si pu\u00f2 affermare che <strong>a Como l\u2019amore per la maglia non \u00e8 svanito<\/strong> nemmeno dopo la retrocessione dalla serie B della passata stagione.<\/p>\n<p><strong>I supporters comaschi<\/strong> hanno ricominciato a seguire la squadra anche in trasferta (anche se non vi \u00e8 una posizione ufficiale della curva sulla Supporter Card) e anche in campo i giocatori ne beneficiano (vittoriosa la trasferta di Gorgonzola contro un ottimo Giana Erminio). <strong>Ci\u00f2 che per\u00f2 tiene banco \u00e8 la vicenda legata allo stadio Sinigaglia<\/strong>: ogni settimana che passa la Commissione per la sicurezza trova nuovi intoppi burocratici che continuano a tenere <strong>il Como lontano da Como<\/strong>. Con il Livorno <strong>il Como ha giocato a Novara<\/strong> (esattamente come nella scorsa stagione in serie B), e <strong>la tifoseria organizzata comasca ha invitato tutti i sostenitori lariani a disertare<\/strong> l\u2019ennesima partita giocata in \u201cesilio\u201d, e ancora ad oggi non \u00e8 chiaro quando i lariani potranno tornare a tifare nel loro stadio.<\/p>\n<p><a href=\"http:\/\/www.museogrigio.it\/wp\/wp-content\/uploads\/2016\/09\/borgonovo.jpg\"><img loading=\"lazy\" decoding=\"async\" class=\"alignnone size-full wp-image-9501\" src=\"http:\/\/www.museogrigio.it\/wp\/wp-content\/uploads\/2016\/09\/borgonovo.jpg\" alt=\"borgonovo\" width=\"1181\" height=\"939\" srcset=\"https:\/\/www.museogrigio.it\/wp\/wp-content\/uploads\/2016\/09\/borgonovo.jpg 1181w, https:\/\/www.museogrigio.it\/wp\/wp-content\/uploads\/2016\/09\/borgonovo-300x239.jpg 300w, https:\/\/www.museogrigio.it\/wp\/wp-content\/uploads\/2016\/09\/borgonovo-1024x814.jpg 1024w, https:\/\/www.museogrigio.it\/wp\/wp-content\/uploads\/2016\/09\/borgonovo-624x496.jpg 624w\" sizes=\"auto, (max-width: 1181px) 100vw, 1181px\" \/><\/a><\/p>\n<p>Per ultimo ci terrei a chiudere con <strong>una bella notizia<\/strong>: grazie anche all\u2019impegno degli <strong>ultras comaschi, dallo scorso marzo lo spiazzo antistante lo stadio Sinigaglia \u00e8 intitolato alla memoria di Stefano Borgonovo<\/strong>, indimenticato attaccante che proprio nel <strong>Como<\/strong> mosse i primi passi della sua fantastica carriera. La storia di Stefano la conosciamo tutti (impossibile dimenticare la sera in cui <strong>Roberto Baggio spinse la carrozzina di Stefano verso il centrocampo<\/strong> dell\u2019Artemio Franchi di Firenze, con una <strong>Curva Fiesole vestita a festa<\/strong> per rendere omaggio al loro grande campione) e<strong> a Como la conoscono meglio che da qualunque altre parte<\/strong> (grazie anche al cantante <strong>Filippo Andreani, ultras comasco, che ne ha cantato le gesta<\/strong> dopo averlo conosciuto di persona e dopo aver avuto l\u2019onore di portare Stefano dentro il <strong>Sinigaglia<\/strong> per l\u2019ultima volta).<\/p>\n<p><iframe loading=\"lazy\" title=\"Filippo Andreani - Numero nove\" width=\"1080\" height=\"608\" src=\"https:\/\/www.youtube.com\/embed\/sPiDBhoD26c?feature=oembed\"  allow=\"accelerometer; autoplay; clipboard-write; encrypted-media; gyroscope; picture-in-picture\" allowfullscreen><\/iframe><\/p>\n<p>La data scelta per l\u2019inaugurazione non \u00e8 stata casuale: l<strong>o spiazzo \u00e8 stato intitolato il 17 marzo scorso, giorno del cinquantaduesimo compleanno dell\u2019immortale Stefano<\/strong>. Se oggi se ne sa qual cosina in pi\u00f9 sulla Sla \u00e8 proprio grazie a Stefano, alla sua famiglia e alla loro forza di volont\u00e0.<\/p>\n<p style=\"text-align: right;\"><strong><em>Davide Ravan<\/em><\/strong><\/p>\n<h1 style=\"text-align: left;\">Articoli correlati<\/h1>\n<p class=\"entry-title\"><a href=\"http:\/\/www.museogrigio.it\/wp\/?p=9503\" rel=\"bookmark\">Como, quella sconfitta al \u201cMocca\u201d che brucia ancora<\/a><\/p>\n","protected":false},"excerpt":{"rendered":"<p>Como \u00e8 una citt\u00e0 dalle dimensioni ridotte, ma pu\u00f2 contare sull\u2019appoggio di un\u2019intera provincia, di una tifoseria che risente della vicinanza di Milan, Inter, e di quella relativa della Juventus, di supporters che dalla met\u00e0 degli anni \u201970 a diverse riprese hanno visto la serie A in presa diretta e molti campionati esaltanti di serie [&hellip;]<\/p>\n","protected":false},"author":3,"featured_media":25669,"comment_status":"closed","ping_status":"closed","sticky":false,"template":"","format":"standard","meta":{"_et_pb_use_builder":"","_et_pb_old_content":"","_et_gb_content_width":"","inline_featured_image":false,"_monsterinsights_skip_tracking":false,"_monsterinsights_sitenote_active":false,"_monsterinsights_sitenote_note":"","_monsterinsights_sitenote_category":0,"footnotes":""},"categories":[23,16,20],"tags":[375,146,50,51],"class_list":["post-9494","post","type-post","status-publish","format-standard","has-post-thumbnail","hentry","category-home","category-news","category-tifosi-doc","tag-como","tag-storia","tag-tifo","tag-tifosi"],"yoast_head":"<!-- This site is optimized with the Yoast SEO plugin v26.6 - https:\/\/yoast.com\/wordpress\/plugins\/seo\/ -->\n<title>Alla scoperta del pianeta degli Ultras lariani - Museo Grigio<\/title>\n<meta name=\"robots\" content=\"index, follow, max-snippet:-1, max-image-preview:large, max-video-preview:-1\" \/>\n<link rel=\"canonical\" href=\"https:\/\/www.museogrigio.it\/wp\/alla-scoperta-del-pianeta-degli-ultras-lariani\/\" \/>\n<meta property=\"og:locale\" content=\"it_IT\" \/>\n<meta property=\"og:type\" content=\"article\" \/>\n<meta property=\"og:title\" content=\"Alla scoperta del pianeta degli Ultras lariani - Museo Grigio\" \/>\n<meta property=\"og:description\" content=\"Como \u00e8 una citt\u00e0 dalle dimensioni ridotte, ma pu\u00f2 contare sull\u2019appoggio di un\u2019intera provincia, di una tifoseria che risente della vicinanza di Milan, Inter, e di quella relativa della Juventus, di supporters che dalla met\u00e0 degli anni \u201970 a diverse riprese hanno visto la serie A in presa diretta e molti campionati esaltanti di serie [&hellip;]\" \/>\n<meta property=\"og:url\" content=\"https:\/\/www.museogrigio.it\/wp\/alla-scoperta-del-pianeta-degli-ultras-lariani\/\" \/>\n<meta property=\"og:site_name\" content=\"Museo Grigio\" \/>\n<meta property=\"article:published_time\" content=\"2021-10-14T05:15:00+00:00\" \/>\n<meta property=\"article:modified_time\" content=\"2021-10-14T05:20:44+00:00\" \/>\n<meta property=\"og:image\" content=\"https:\/\/www.museogrigio.it\/wp\/wp-content\/uploads\/2016\/09\/TifoComo.png\" \/>\n\t<meta property=\"og:image:width\" content=\"716\" \/>\n\t<meta property=\"og:image:height\" content=\"360\" \/>\n\t<meta property=\"og:image:type\" content=\"image\/png\" \/>\n<meta name=\"author\" content=\"mgblogger\" \/>\n<meta name=\"twitter:card\" content=\"summary_large_image\" \/>\n<meta name=\"twitter:label1\" content=\"Scritto da\" \/>\n\t<meta name=\"twitter:data1\" content=\"mgblogger\" \/>\n\t<meta name=\"twitter:label2\" content=\"Tempo di lettura stimato\" \/>\n\t<meta name=\"twitter:data2\" content=\"6 minuti\" \/>\n<script type=\"application\/ld+json\" class=\"yoast-schema-graph\">{\"@context\":\"https:\/\/schema.org\",\"@graph\":[{\"@type\":\"WebPage\",\"@id\":\"https:\/\/www.museogrigio.it\/wp\/alla-scoperta-del-pianeta-degli-ultras-lariani\/\",\"url\":\"https:\/\/www.museogrigio.it\/wp\/alla-scoperta-del-pianeta-degli-ultras-lariani\/\",\"name\":\"Alla scoperta del pianeta degli Ultras lariani - Museo Grigio\",\"isPartOf\":{\"@id\":\"https:\/\/www.museogrigio.it\/wp\/#website\"},\"primaryImageOfPage\":{\"@id\":\"https:\/\/www.museogrigio.it\/wp\/alla-scoperta-del-pianeta-degli-ultras-lariani\/#primaryimage\"},\"image\":{\"@id\":\"https:\/\/www.museogrigio.it\/wp\/alla-scoperta-del-pianeta-degli-ultras-lariani\/#primaryimage\"},\"thumbnailUrl\":\"https:\/\/www.museogrigio.it\/wp\/wp-content\/uploads\/2016\/09\/TifoComo.png\",\"datePublished\":\"2021-10-14T05:15:00+00:00\",\"dateModified\":\"2021-10-14T05:20:44+00:00\",\"author\":{\"@id\":\"https:\/\/www.museogrigio.it\/wp\/#\/schema\/person\/7ae7f5a79c8f571fd56d74aabb80b3f3\"},\"breadcrumb\":{\"@id\":\"https:\/\/www.museogrigio.it\/wp\/alla-scoperta-del-pianeta-degli-ultras-lariani\/#breadcrumb\"},\"inLanguage\":\"it-IT\",\"potentialAction\":[{\"@type\":\"ReadAction\",\"target\":[\"https:\/\/www.museogrigio.it\/wp\/alla-scoperta-del-pianeta-degli-ultras-lariani\/\"]}]},{\"@type\":\"ImageObject\",\"inLanguage\":\"it-IT\",\"@id\":\"https:\/\/www.museogrigio.it\/wp\/alla-scoperta-del-pianeta-degli-ultras-lariani\/#primaryimage\",\"url\":\"https:\/\/www.museogrigio.it\/wp\/wp-content\/uploads\/2016\/09\/TifoComo.png\",\"contentUrl\":\"https:\/\/www.museogrigio.it\/wp\/wp-content\/uploads\/2016\/09\/TifoComo.png\",\"width\":716,\"height\":360},{\"@type\":\"BreadcrumbList\",\"@id\":\"https:\/\/www.museogrigio.it\/wp\/alla-scoperta-del-pianeta-degli-ultras-lariani\/#breadcrumb\",\"itemListElement\":[{\"@type\":\"ListItem\",\"position\":1,\"name\":\"Home\",\"item\":\"https:\/\/www.museogrigio.it\/wp\/\"},{\"@type\":\"ListItem\",\"position\":2,\"name\":\"Alla scoperta del pianeta degli Ultras lariani\"}]},{\"@type\":\"WebSite\",\"@id\":\"https:\/\/www.museogrigio.it\/wp\/#website\",\"url\":\"https:\/\/www.museogrigio.it\/wp\/\",\"name\":\"Museo Grigio\",\"description\":\"Museo Grigio Blog\",\"potentialAction\":[{\"@type\":\"SearchAction\",\"target\":{\"@type\":\"EntryPoint\",\"urlTemplate\":\"https:\/\/www.museogrigio.it\/wp\/?s={search_term_string}\"},\"query-input\":{\"@type\":\"PropertyValueSpecification\",\"valueRequired\":true,\"valueName\":\"search_term_string\"}}],\"inLanguage\":\"it-IT\"},{\"@type\":\"Person\",\"@id\":\"https:\/\/www.museogrigio.it\/wp\/#\/schema\/person\/7ae7f5a79c8f571fd56d74aabb80b3f3\",\"name\":\"mgblogger\",\"image\":{\"@type\":\"ImageObject\",\"inLanguage\":\"it-IT\",\"@id\":\"https:\/\/www.museogrigio.it\/wp\/#\/schema\/person\/image\/\",\"url\":\"https:\/\/secure.gravatar.com\/avatar\/c01466dbaec6f151089fefd81e4e31df853c7b5c4af467acdacd2bda7e1e497a?s=96&d=mm&r=g\",\"contentUrl\":\"https:\/\/secure.gravatar.com\/avatar\/c01466dbaec6f151089fefd81e4e31df853c7b5c4af467acdacd2bda7e1e497a?s=96&d=mm&r=g\",\"caption\":\"mgblogger\"},\"url\":\"https:\/\/www.museogrigio.it\/wp\/author\/mgblogger\/\"}]}<\/script>\n<!-- \/ Yoast SEO plugin. -->","yoast_head_json":{"title":"Alla scoperta del pianeta degli Ultras lariani - Museo Grigio","robots":{"index":"index","follow":"follow","max-snippet":"max-snippet:-1","max-image-preview":"max-image-preview:large","max-video-preview":"max-video-preview:-1"},"canonical":"https:\/\/www.museogrigio.it\/wp\/alla-scoperta-del-pianeta-degli-ultras-lariani\/","og_locale":"it_IT","og_type":"article","og_title":"Alla scoperta del pianeta degli Ultras lariani - Museo Grigio","og_description":"Como \u00e8 una citt\u00e0 dalle dimensioni ridotte, ma pu\u00f2 contare sull\u2019appoggio di un\u2019intera provincia, di una tifoseria che risente della vicinanza di Milan, Inter, e di quella relativa della Juventus, di supporters che dalla met\u00e0 degli anni \u201970 a diverse riprese hanno visto la serie A in presa diretta e molti campionati esaltanti di serie [&hellip;]","og_url":"https:\/\/www.museogrigio.it\/wp\/alla-scoperta-del-pianeta-degli-ultras-lariani\/","og_site_name":"Museo Grigio","article_published_time":"2021-10-14T05:15:00+00:00","article_modified_time":"2021-10-14T05:20:44+00:00","og_image":[{"width":716,"height":360,"url":"https:\/\/www.museogrigio.it\/wp\/wp-content\/uploads\/2016\/09\/TifoComo.png","type":"image\/png"}],"author":"mgblogger","twitter_card":"summary_large_image","twitter_misc":{"Scritto da":"mgblogger","Tempo di lettura stimato":"6 minuti"},"schema":{"@context":"https:\/\/schema.org","@graph":[{"@type":"WebPage","@id":"https:\/\/www.museogrigio.it\/wp\/alla-scoperta-del-pianeta-degli-ultras-lariani\/","url":"https:\/\/www.museogrigio.it\/wp\/alla-scoperta-del-pianeta-degli-ultras-lariani\/","name":"Alla scoperta del pianeta degli Ultras lariani - Museo Grigio","isPartOf":{"@id":"https:\/\/www.museogrigio.it\/wp\/#website"},"primaryImageOfPage":{"@id":"https:\/\/www.museogrigio.it\/wp\/alla-scoperta-del-pianeta-degli-ultras-lariani\/#primaryimage"},"image":{"@id":"https:\/\/www.museogrigio.it\/wp\/alla-scoperta-del-pianeta-degli-ultras-lariani\/#primaryimage"},"thumbnailUrl":"https:\/\/www.museogrigio.it\/wp\/wp-content\/uploads\/2016\/09\/TifoComo.png","datePublished":"2021-10-14T05:15:00+00:00","dateModified":"2021-10-14T05:20:44+00:00","author":{"@id":"https:\/\/www.museogrigio.it\/wp\/#\/schema\/person\/7ae7f5a79c8f571fd56d74aabb80b3f3"},"breadcrumb":{"@id":"https:\/\/www.museogrigio.it\/wp\/alla-scoperta-del-pianeta-degli-ultras-lariani\/#breadcrumb"},"inLanguage":"it-IT","potentialAction":[{"@type":"ReadAction","target":["https:\/\/www.museogrigio.it\/wp\/alla-scoperta-del-pianeta-degli-ultras-lariani\/"]}]},{"@type":"ImageObject","inLanguage":"it-IT","@id":"https:\/\/www.museogrigio.it\/wp\/alla-scoperta-del-pianeta-degli-ultras-lariani\/#primaryimage","url":"https:\/\/www.museogrigio.it\/wp\/wp-content\/uploads\/2016\/09\/TifoComo.png","contentUrl":"https:\/\/www.museogrigio.it\/wp\/wp-content\/uploads\/2016\/09\/TifoComo.png","width":716,"height":360},{"@type":"BreadcrumbList","@id":"https:\/\/www.museogrigio.it\/wp\/alla-scoperta-del-pianeta-degli-ultras-lariani\/#breadcrumb","itemListElement":[{"@type":"ListItem","position":1,"name":"Home","item":"https:\/\/www.museogrigio.it\/wp\/"},{"@type":"ListItem","position":2,"name":"Alla scoperta del pianeta degli Ultras lariani"}]},{"@type":"WebSite","@id":"https:\/\/www.museogrigio.it\/wp\/#website","url":"https:\/\/www.museogrigio.it\/wp\/","name":"Museo Grigio","description":"Museo Grigio Blog","potentialAction":[{"@type":"SearchAction","target":{"@type":"EntryPoint","urlTemplate":"https:\/\/www.museogrigio.it\/wp\/?s={search_term_string}"},"query-input":{"@type":"PropertyValueSpecification","valueRequired":true,"valueName":"search_term_string"}}],"inLanguage":"it-IT"},{"@type":"Person","@id":"https:\/\/www.museogrigio.it\/wp\/#\/schema\/person\/7ae7f5a79c8f571fd56d74aabb80b3f3","name":"mgblogger","image":{"@type":"ImageObject","inLanguage":"it-IT","@id":"https:\/\/www.museogrigio.it\/wp\/#\/schema\/person\/image\/","url":"https:\/\/secure.gravatar.com\/avatar\/c01466dbaec6f151089fefd81e4e31df853c7b5c4af467acdacd2bda7e1e497a?s=96&d=mm&r=g","contentUrl":"https:\/\/secure.gravatar.com\/avatar\/c01466dbaec6f151089fefd81e4e31df853c7b5c4af467acdacd2bda7e1e497a?s=96&d=mm&r=g","caption":"mgblogger"},"url":"https:\/\/www.museogrigio.it\/wp\/author\/mgblogger\/"}]}},"_links":{"self":[{"href":"https:\/\/www.museogrigio.it\/wp\/wp-json\/wp\/v2\/posts\/9494","targetHints":{"allow":["GET"]}}],"collection":[{"href":"https:\/\/www.museogrigio.it\/wp\/wp-json\/wp\/v2\/posts"}],"about":[{"href":"https:\/\/www.museogrigio.it\/wp\/wp-json\/wp\/v2\/types\/post"}],"author":[{"embeddable":true,"href":"https:\/\/www.museogrigio.it\/wp\/wp-json\/wp\/v2\/users\/3"}],"replies":[{"embeddable":true,"href":"https:\/\/www.museogrigio.it\/wp\/wp-json\/wp\/v2\/comments?post=9494"}],"version-history":[{"count":5,"href":"https:\/\/www.museogrigio.it\/wp\/wp-json\/wp\/v2\/posts\/9494\/revisions"}],"predecessor-version":[{"id":25670,"href":"https:\/\/www.museogrigio.it\/wp\/wp-json\/wp\/v2\/posts\/9494\/revisions\/25670"}],"wp:featuredmedia":[{"embeddable":true,"href":"https:\/\/www.museogrigio.it\/wp\/wp-json\/wp\/v2\/media\/25669"}],"wp:attachment":[{"href":"https:\/\/www.museogrigio.it\/wp\/wp-json\/wp\/v2\/media?parent=9494"}],"wp:term":[{"taxonomy":"category","embeddable":true,"href":"https:\/\/www.museogrigio.it\/wp\/wp-json\/wp\/v2\/categories?post=9494"},{"taxonomy":"post_tag","embeddable":true,"href":"https:\/\/www.museogrigio.it\/wp\/wp-json\/wp\/v2\/tags?post=9494"}],"curies":[{"name":"wp","href":"https:\/\/api.w.org\/{rel}","templated":true}]}}