{"id":8503,"date":"2016-08-05T13:11:28","date_gmt":"2016-08-05T13:11:28","guid":{"rendered":"http:\/\/www.museogrigio.it\/wp\/?p=8503"},"modified":"2016-08-05T13:11:28","modified_gmt":"2016-08-05T13:11:28","slug":"simpatico-e-famelico-cosi-i-grigi-conobbero-il-grifo","status":"publish","type":"post","link":"https:\/\/www.museogrigio.it\/wp\/simpatico-e-famelico-cosi-i-grigi-conobbero-il-grifo\/","title":{"rendered":"Simpatico e famelico. Cos\u00ec i Grigi conobbero il Grifo"},"content":{"rendered":"<p><a href=\"http:\/\/www.museogrigio.it\/wp\/wp-content\/uploads\/2016\/08\/Perugia1.jpg\"><img loading=\"lazy\" decoding=\"async\" class=\"alignnone  wp-image-8551\" src=\"http:\/\/www.museogrigio.it\/wp\/wp-content\/uploads\/2016\/08\/Perugia1.jpg\" alt=\"Perugia1\" width=\"675\" height=\"429\" srcset=\"https:\/\/www.museogrigio.it\/wp\/wp-content\/uploads\/2016\/08\/Perugia1.jpg 551w, https:\/\/www.museogrigio.it\/wp\/wp-content\/uploads\/2016\/08\/Perugia1-300x191.jpg 300w\" sizes=\"auto, (max-width: 675px) 100vw, 675px\" \/><\/a><strong><em>Sei ottobre 1974, al &#8220;Mocca&#8221; va in scena Alessandria-Perugia 0-0. Baisi, stretto tra due avversari, tenta vanamente la via del gol (foto Zanini).<\/em><\/strong><\/p>\n<p>&nbsp;<\/p>\n<p>Domenica sera allo stadio <strong>&#8220;Renato Curi&#8221;<\/strong> si giocher\u00e0 <strong>Perugia-Alessandria<\/strong>, gara valevole per il <strong>secondo turno della TimCup<\/strong>. Vi proponiamo questo originale intervento di <strong>Daniele Bolzani<\/strong>, che ricorda anche <strong>la prima volta tra l&#8217;Orso e il Grifone<\/strong>.<\/p>\n<p>&nbsp;<\/p>\n<p><em>Al 23 febbraio 1975 risale il debutto ufficiale dell\u2019Alessandria a Perugia; la squadra di Castelletti si present\u00f2 nel capoluogo umbro, quel giorno, con la missione di portare a casa un punto e, secondo quanto riferito il giorno dopo dalla \u00abStampa\u00bb, ci and\u00f2 parecchio vicina. I padroni di casa scesero in campo \u00abnervosi e discontinui\u00bb, si fecero parare un rigore da Pozzani e le loro iniziative vennero puntualmente \u00abtamponate\u00bb dagli ospiti; ottime le prestazioni dei grigi Vanara, ex di turno, e Reja, al rientro dopo un\u2019operazione al menisco. A pochi secondi dal termine, tuttavia, una punizione del capitano umbro Picella \u00abspioveva in area, tesa, e portata dal vento; Sollier saltava, ma non toccava, Pozzani, fuori dai pali in tuffo, ne era ingannato\u00bb. Uno a zero, quando il tempo e le energie non erano pi\u00f9 sufficienti ad imbastire un\u2019efficace azione d\u2019attacco.<\/em><\/p>\n<p><a href=\"http:\/\/www.museogrigio.it\/wp\/wp-content\/uploads\/2016\/08\/Perugia2.jpg\"><img loading=\"lazy\" decoding=\"async\" class=\"alignnone  wp-image-8553\" src=\"http:\/\/www.museogrigio.it\/wp\/wp-content\/uploads\/2016\/08\/Perugia2.jpg\" alt=\"Perugia2\" width=\"634\" height=\"669\" srcset=\"https:\/\/www.museogrigio.it\/wp\/wp-content\/uploads\/2016\/08\/Perugia2.jpg 365w, https:\/\/www.museogrigio.it\/wp\/wp-content\/uploads\/2016\/08\/Perugia2-284x300.jpg 284w\" sizes=\"auto, (max-width: 634px) 100vw, 634px\" \/><\/a><em><strong>Alessandria-Perugia 0-0. Manueli crossa al centro sperando di sorprendere i perugini (foto Zanini).<br \/>\n<\/strong><\/em><\/p>\n<p>&nbsp;<\/p>\n<p><em>Nell\u2019estate precedente, Alessandria e Perugia si erano mosse in maniera diametralmente opposta: sull\u2019onda dell\u2019entusiasmo per il ritorno in B e confidenti nei propri mezzi, i grigi avevano limitato il mercato a pochi ritocchi. I biancorossi, invece, avevano optato per un radicale restyling che non riguardava solamente il parco giocatori; reduci da un campionato deludente (la categoria era stata mantenuta vincendo, l\u2019ultima giornata, sul campo di un Parma gi\u00e0 al sicuro: la retrocessa Reggina recrimin\u00f2 a lungo, invano), si misero a ripensare i propri obiettivi. <\/em><\/p>\n<p><a href=\"http:\/\/www.museogrigio.it\/wp\/wp-content\/uploads\/2016\/08\/renato-curi-744x444.jpg\"><img loading=\"lazy\" decoding=\"async\" class=\"alignnone size-full wp-image-8490\" src=\"http:\/\/www.museogrigio.it\/wp\/wp-content\/uploads\/2016\/08\/renato-curi-744x444.jpg\" alt=\"renato-curi-744x444\" width=\"744\" height=\"444\" srcset=\"https:\/\/www.museogrigio.it\/wp\/wp-content\/uploads\/2016\/08\/renato-curi-744x444.jpg 744w, https:\/\/www.museogrigio.it\/wp\/wp-content\/uploads\/2016\/08\/renato-curi-744x444-300x179.jpg 300w, https:\/\/www.museogrigio.it\/wp\/wp-content\/uploads\/2016\/08\/renato-curi-744x444-624x372.jpg 624w\" sizes=\"auto, (max-width: 744px) 100vw, 744px\" \/><\/a><strong><em>Renato Curi, morto in campo nello stadio che oggi porta il suo nome.<\/em><\/strong><\/p>\n<p>&nbsp;<\/p>\n<p><em>Dopo sette stagioni tra i cadetti che avevano acuito la rivalit\u00e0 con la Ternana, promossa in quel lasso di tempo in A per due volte, era in atto un vero e proprio cambiamento di mentalit\u00e0 nell\u2019ambiente biancorosso: il Grifo, infatti, accolse l\u2019Alessandria da campione d\u2019inverno. I grigi, incostanti nei risultati e limitati nella rosa, galleggiavano poco sopra la zona retrocessione.<\/em><\/p>\n<p><a href=\"http:\/\/www.museogrigio.it\/wp\/wp-content\/uploads\/2016\/08\/Vannini.jpg\"><img loading=\"lazy\" decoding=\"async\" class=\" size-full wp-image-8554 alignleft\" src=\"http:\/\/www.museogrigio.it\/wp\/wp-content\/uploads\/2016\/08\/Vannini.jpg\" alt=\"Vannini\" width=\"300\" height=\"255\" \/><\/a><\/p>\n<p><em><strong>Vannini, un infortunio patito nell&#8217;annata dell&#8217;imbattibilit\u00e0 lo costringer\u00e0 al ritiro a trentun anni.<\/strong><\/em><\/p>\n<p>&nbsp;<\/p>\n<p><em>Il cambio di rotta perugino stimol\u00f2 reportage sui principali quotidiani nazionali e, addirittura, interpretazioni accademiche. L\u2019antropologo Tullio Seppilli premetteva all\u2019\u00abUnit\u00e0\u00bb che \u00abfino agli anni Cinquanta e Sessanta, il Perugia era un club calcistico normale\u00bb; vero, la sua storia ricorda quelle di tante altre provinciali, con il lento avvicinamento ai ranghi federali e la difficolt\u00e0 a trovare un posto stabile nel professionismo. Il Perugia, prima del 1966, aveva affrontato faide interne (quella tra le componenti laica e religiosa degli associati si protrasse dalla fondazione al primo dopoguerra), si era approcciata al grande calcio con un certo candore (nel 1934, da debuttante in B, vinse brillantemente il girone di qualificazione, per poi soccombere al cospetto di compagini pi\u00f9 esperte nelle finali per la promozione) e con risorse modeste (negli anni Trenta chiuse bottega per due volte in quattro anni, nel 1935 e nel 1939). Pi\u00f9 volte, dopo il 1947, aveva mantenuto il posto in C \u00abin rappresentanza dell&#8217;Umbria\u00bb, per i criteri geopolitici stabiliti dal dirigente federale Artemio Franchi.<a href=\"http:\/\/www.museogrigio.it\/wp\/wp-content\/uploads\/2016\/08\/Novellino.jpg\"><img loading=\"lazy\" decoding=\"async\" class=\"  wp-image-8555 alignright\" src=\"http:\/\/www.museogrigio.it\/wp\/wp-content\/uploads\/2016\/08\/Novellino.jpg\" alt=\"Novellino\" width=\"237\" height=\"365\" srcset=\"https:\/\/www.museogrigio.it\/wp\/wp-content\/uploads\/2016\/08\/Novellino.jpg 325w, https:\/\/www.museogrigio.it\/wp\/wp-content\/uploads\/2016\/08\/Novellino-195x300.jpg 195w\" sizes=\"auto, (max-width: 237px) 100vw, 237px\" \/><\/a><\/em><\/p>\n<p><em>Seppilli descriveva poi la nascita di un Perugia desideroso di \u00abinterrompere l&#8217;altalena tra la C e la D [\u2026] in un contesto in cui crescevano grandi dinastie come Spagnoli e Buitoni, e diventavano multinazionali industrie come Perugina ed Emmesse. C&#8217;era chi si impegnava direttamente con la societ\u00e0 sportiva e chi, guardando al calcio con pi\u00f9 distacco, non faceva comunque mancare finanziamenti e aiuti\u00bb. Ritornato in B nel 1966, dopo vent\u2019anni di assenza e con la famiglia Spagnoli alla guida, il Perugia fu affidato nel 1974 al manager Franco D&#8217;Attoma, comproprietario dell&#8217;Emmesse, che premette con decisione l\u2019acceleratore; ingaggi\u00f2 il direttore sportivo del miracoloso Cesena di Lugaresi, Silvano Ramaccioni, che punt\u00f2 su un allenatore della nuova generazione come Ilario Castagner. Questi, oltre a vantare una certa esperienza in tema di giovani calciatori, era stato allievo di quel Corrado Viciani che aveva costruito l\u2019exploit ternano applicando i principi del \u00abcalcio totale\u00bb olandese; il trentatreenne Castagner svecchi\u00f2 dunque il sistema di gioco biancorosso, ma si dimostr\u00f2 maturo ed accorto non esitando a ricorrere, quando necessario, a tattiche meno spregiudicate. Presto sarebbe finito in archivio persino il campo Santa Giuliana: a tempo di record fu eretto il moderno stadio di Pian di Massiano, che con oltre ventimila posti doppiava, per capienza, il vecchio impianto.<\/em><\/p>\n<p><em><a href=\"http:\/\/www.museogrigio.it\/wp\/wp-content\/uploads\/2016\/08\/Salvatore_Bagni_Perugia_1979-1980.jpg\"><img loading=\"lazy\" decoding=\"async\" class=\"alignnone size-full wp-image-8557\" src=\"http:\/\/www.museogrigio.it\/wp\/wp-content\/uploads\/2016\/08\/Salvatore_Bagni_Perugia_1979-1980.jpg\" alt=\"Salvatore_Bagni,_Perugia_1979-1980\" width=\"636\" height=\"806\" srcset=\"https:\/\/www.museogrigio.it\/wp\/wp-content\/uploads\/2016\/08\/Salvatore_Bagni_Perugia_1979-1980.jpg 636w, https:\/\/www.museogrigio.it\/wp\/wp-content\/uploads\/2016\/08\/Salvatore_Bagni_Perugia_1979-1980-237x300.jpg 237w, https:\/\/www.museogrigio.it\/wp\/wp-content\/uploads\/2016\/08\/Salvatore_Bagni_Perugia_1979-1980-624x791.jpg 624w\" sizes=\"auto, (max-width: 636px) 100vw, 636px\" \/><\/a><\/em><strong><em>Salvatore Bagni. Nell&#8217;estate del 1979 il presidente biancorosso Franco D&#8217;Attoma lanci\u00f2 un&#8217;innovazione dirompente nel panorama calcistico nazionale, con la prima sponsorizzazione di maglia. Mai prima d&#8217;ora, in Italia, una casacca era stata &#8220;griffata&#8221; da un marchio commerciale: il Perugia fu la prima squadra a rompere questo tab\u00f9. Il logo del pastificio Ponte debutt\u00f2 sulle divise biancorosse il 26 agosto, nel debutto stagionale in Coppa Italia; pur se l&#8217;accordo pubblicitario venne a lungo osteggiato dalla Federazione, sar\u00e0 questo uno dei tasselli che porteranno nel 1981 alla liberalizzazione degli sponsor.<\/em><\/strong><\/p>\n<p>&nbsp;<\/p>\n<p><em>Un Perugia tutto nuovo, in vena d\u2019imprese, che giunto nel massimo campionato si ritrov\u00f2 immediatamente a lottare per l&#8217;Europa; che nel 1979 riscrisse la storia della Serie A chiudendo secondo ed imbattuto, cosa mai accaduta a nessuna squadra prima d&#8217;allora; che si guadagn\u00f2 con naturalezza i galloni di \u00absquadra simpatia\u00bb, di bella favola di uomini venuti dal nulla per sfidare, e talvolta sottomettere, le grandi. <\/em><\/p>\n<p><a href=\"http:\/\/www.museogrigio.it\/wp\/wp-content\/uploads\/2016\/08\/Associazione_Calcio_Perugia_1984-1985.jpg\"><img loading=\"lazy\" decoding=\"async\" class=\"alignnone size-full wp-image-8560\" src=\"http:\/\/www.museogrigio.it\/wp\/wp-content\/uploads\/2016\/08\/Associazione_Calcio_Perugia_1984-1985.jpg\" alt=\"Associazione_Calcio_Perugia_1984-1985\" width=\"960\" height=\"643\" srcset=\"https:\/\/www.museogrigio.it\/wp\/wp-content\/uploads\/2016\/08\/Associazione_Calcio_Perugia_1984-1985.jpg 960w, https:\/\/www.museogrigio.it\/wp\/wp-content\/uploads\/2016\/08\/Associazione_Calcio_Perugia_1984-1985-300x201.jpg 300w, https:\/\/www.museogrigio.it\/wp\/wp-content\/uploads\/2016\/08\/Associazione_Calcio_Perugia_1984-1985-624x418.jpg 624w\" sizes=\"auto, (max-width: 960px) 100vw, 960px\" \/><\/a><strong><em>I Grifoni della stagione 1984-\u201885, detentori del primato \u2013 tuttora in essere \u2013 del minor numero di sconfitte (una) in un torneo di serie B a venti squadre.<\/em><\/strong><\/p>\n<p>&nbsp;<\/p>\n<p><em>Ma anche un esempio di gestione d\u2019impresa applicata al calcio: un Perugia \u00aballa milanese\u00bb che, in fase di compravendita di giocatori, trattava con societ\u00e0 blasonate senza complessi d\u2019inferiorit\u00e0; che allo scudetto ambiva per davvero, tanto da soffiare Paolo Rossi, nel 1979, ad almeno sei altre societ\u00e0, pagando un miliardo di lire al Vicenza per il prestito biennale; che dimostr\u00f2 lungimiranza in materia di pubblicit\u00e0, piazzando uno sponsor sulle maglie da gioco, all\u2019altezza del petto: azione quasi sacrilega per l\u2019epoca, compiuta con una certa arroganza se si pensa che le norme federali in merito vennero aggirate con un sotterfugio (l\u2019apertura di un\u2019azienda di abbigliamento sportivo con lo stesso marchio del pastificio-sponsor): in quel frangente l\u2019immagine del club cominci\u00f2 a incrinarsi, per deteriorarsi poi a causa del lungo processo allo staff medico per la morte del calciatore Renato Curi e del pesante coinvolgimento nei filoni del calcioscommesse del 1980 e del 1986. <\/em><\/p>\n<p><a href=\"http:\/\/www.museogrigio.it\/wp\/wp-content\/uploads\/2016\/08\/Derby_dellUmbria_-_Ternana-Perugia_8_marzo_1992.jpeg\"><img loading=\"lazy\" decoding=\"async\" class=\"alignnone size-full wp-image-8561\" src=\"http:\/\/www.museogrigio.it\/wp\/wp-content\/uploads\/2016\/08\/Derby_dellUmbria_-_Ternana-Perugia_8_marzo_1992.jpeg\" alt=\"Derby_dell'Umbria_-_Ternana-Perugia_8_marzo_1992\" width=\"1024\" height=\"683\" srcset=\"https:\/\/www.museogrigio.it\/wp\/wp-content\/uploads\/2016\/08\/Derby_dellUmbria_-_Ternana-Perugia_8_marzo_1992.jpeg 1024w, https:\/\/www.museogrigio.it\/wp\/wp-content\/uploads\/2016\/08\/Derby_dellUmbria_-_Ternana-Perugia_8_marzo_1992-300x200.jpeg 300w, https:\/\/www.museogrigio.it\/wp\/wp-content\/uploads\/2016\/08\/Derby_dellUmbria_-_Ternana-Perugia_8_marzo_1992-624x416.jpeg 624w\" sizes=\"auto, (max-width: 1024px) 100vw, 1024px\" \/><\/a><em><strong>Un momento del sentito derby dell&#8217;Umbria tra Perugia e Ternana, qui giocato nella stagione 1991-&#8217;92.<\/strong><\/em><\/p>\n<p>&nbsp;<\/p>\n<p><em>Conosciuti gli anni d\u2019oro, il Perugia declin\u00f2: la seconda met\u00e0 degli anni Ottanta fu quella, definita dal politologo Alessandro Campi, del \u00abdivorzio tra la citt\u00e0 e la sua borghesia\u00bb, perch\u00e9 nella squadra s\u2019invest\u00ec sempre meno; rispetto agli anni Sessanta e Settanta erano cambiate le classi dirigenti in citt\u00e0, ed era cambiato, soprattutto, il calcio. A riportare per qualche tempo il Grifo agli antichi fasti fu, a cavallo tra i due secoli, un imprenditore di Roma, Luciano Gaucci. Anni di baldoria per cui il calcio perugino ha pagato pesantemente, per buona parte dello scorso decennio.<\/em><\/p>\n<p><a href=\"http:\/\/www.museogrigio.it\/wp\/wp-content\/uploads\/2016\/08\/Serie_C2_1987-88_-_Perugia_vs_Martina_-_Fabrizio_Ravanelli.jpg\"><img loading=\"lazy\" decoding=\"async\" class=\"  wp-image-8562 alignleft\" src=\"http:\/\/www.museogrigio.it\/wp\/wp-content\/uploads\/2016\/08\/Serie_C2_1987-88_-_Perugia_vs_Martina_-_Fabrizio_Ravanelli.jpg\" alt=\"Serie_C2_1987-88_-_Perugia_vs_Martina_-_Fabrizio_Ravanelli\" width=\"239\" height=\"363\" srcset=\"https:\/\/www.museogrigio.it\/wp\/wp-content\/uploads\/2016\/08\/Serie_C2_1987-88_-_Perugia_vs_Martina_-_Fabrizio_Ravanelli.jpg 475w, https:\/\/www.museogrigio.it\/wp\/wp-content\/uploads\/2016\/08\/Serie_C2_1987-88_-_Perugia_vs_Martina_-_Fabrizio_Ravanelli-198x300.jpg 198w\" sizes=\"auto, (max-width: 239px) 100vw, 239px\" \/><\/a><em><strong>Fabrizio Ravanelli, perugino di nascita, ha iniziato e chiuso la carriera col club biancorosso.<\/strong><\/em><\/p>\n<p>&nbsp;<\/p>\n<p>&nbsp;<\/p>\n<p><em>Nella breve ed entusiasmante parabola del Perugia di D\u2019Attoma, ci piace pensare che quel soffio di vento che devi\u00f2 il tiro di Picella abbia avuto un grande peso, modificando qualche destino: di certo permise ai biancorossi, nell\u2019immediato, di consolidare il primato e di allungare sulle terze classificate. L\u2019Alessandria, dal canto suo, entr\u00f2 in un periodo di risultati negativi e, a guardare la classifica finale, quel punto perso in extremis le avrebbe fatto decisamente comodo.<a href=\"http:\/\/www.museogrigio.it\/wp\/wp-content\/uploads\/2016\/08\/simeone_materazzi_perugia_lazio_2001_ansa.jpg\"><img loading=\"lazy\" decoding=\"async\" class=\" size-full wp-image-8563 alignright\" src=\"http:\/\/www.museogrigio.it\/wp\/wp-content\/uploads\/2016\/08\/simeone_materazzi_perugia_lazio_2001_ansa.jpg\" alt=\"simeone_materazzi_perugia_lazio_2001_ansa\" width=\"394\" height=\"462\" srcset=\"https:\/\/www.museogrigio.it\/wp\/wp-content\/uploads\/2016\/08\/simeone_materazzi_perugia_lazio_2001_ansa.jpg 394w, https:\/\/www.museogrigio.it\/wp\/wp-content\/uploads\/2016\/08\/simeone_materazzi_perugia_lazio_2001_ansa-256x300.jpg 256w\" sizes=\"auto, (max-width: 394px) 100vw, 394px\" \/><\/a><\/em><\/p>\n<p>&nbsp;<\/p>\n<p style=\"text-align: right;\"><strong><em>Marco Materazzi con il Perugia, mentre sta contrastando il laziale Simeone.<\/em> <\/strong><\/p>\n<p>&nbsp;<\/p>\n<p>&nbsp;<\/p>\n<p><em>Nel 1992, quando entrambe le formazioni militavano in C1, la Lega assegn\u00f2 inaspettatamente il Perugia al girone meridionale; per ritrovarlo, e debuttare al Curi, l\u2019Alessandria dovette attendere il 2009. Grigi e biancorossi erano allora due societ\u00e0 in cerca d\u2019identit\u00e0, afflitte da problemi economici: a fine stagione per l\u2019Orso si apr\u00ec tra molte incertezze la breve era Veltroni, il Grifo ripart\u00ec dai dilettanti. Lo scontro diretto di Pian di Massiano fu vinto ancora dai padroni di casa, per 2-1; del resto le trasferte umbre non hanno mai portato grandi gioie ai grigi (una sola vittoria, a Foligno nel 1983). Oggi che le due societ\u00e0 mostrano buona salute e che guardano all\u2019avvenire con una certa fiducia, \u00e8 la Coppa Italia a rimetterle l\u2019una davanti all\u2019altra. Il peso di questa partita, nelle economie delle rispettive stagioni, sar\u00e0 probabilmente relativo, e una delle due sar\u00e0 senz\u2019altro eliminata: ma chiss\u00e0 che non sia l\u2019occasione, a questo giro, perch\u00e9 quel vento ricompaia nell\u2019afa agostana, sorprendendo tutti ed iniziando a soffiare per entrambe, nel verso giusto.<\/em><\/p>\n<p style=\"text-align: right;\"><em><strong>Daniele Bolzani<\/strong><\/em><\/p>\n<h1 style=\"text-align: left;\">Guarda anche<\/h1>\n<p><iframe loading=\"lazy\" title=\"Perugia-Juventus 1-0 (16\/5\/1976) Gol di RENATO CURI annunciato da Sandro Ciotti\" width=\"1080\" height=\"810\" src=\"https:\/\/www.youtube.com\/embed\/zjVEhilp8c0?feature=oembed\"  allow=\"accelerometer; autoplay; clipboard-write; encrypted-media; gyroscope; picture-in-picture\" allowfullscreen><\/iframe><\/p>\n<p><iframe loading=\"lazy\" title=\"Il Perugia in serie A, festeggiamenti\" width=\"1080\" height=\"810\" src=\"https:\/\/www.youtube.com\/embed\/4yF4lhhItmQ?feature=oembed\"  allow=\"accelerometer; autoplay; clipboard-write; encrypted-media; gyroscope; picture-in-picture\" allowfullscreen><\/iframe><\/p>\n<p><iframe loading=\"lazy\" title=\"Perugia - Aris Salonicco 0-3 - Coppa U.E.F.A. 1979-80 - 16esimi di finale - ritorno\" width=\"1080\" height=\"810\" src=\"https:\/\/www.youtube.com\/embed\/EqgZa_2Lhbk?feature=oembed\"  allow=\"accelerometer; autoplay; clipboard-write; encrypted-media; gyroscope; picture-in-picture\" allowfullscreen><\/iframe><\/p>\n<p><iframe loading=\"lazy\" title=\"DERBY STORY |  Perugia Ternana 1 1\" width=\"1080\" height=\"810\" src=\"https:\/\/www.youtube.com\/embed\/i1h6vfQ-wr4?feature=oembed\"  allow=\"accelerometer; autoplay; clipboard-write; encrypted-media; gyroscope; picture-in-picture\" allowfullscreen><\/iframe><\/p>\n<p><iframe loading=\"lazy\" title=\"Furibonda lite tra Gaucci e Matarrese | Perugia Bari 1-2 (1999)\" width=\"1080\" height=\"608\" src=\"https:\/\/www.youtube.com\/embed\/0z-OdKyW9EY?feature=oembed\"  allow=\"accelerometer; autoplay; clipboard-write; encrypted-media; gyroscope; picture-in-picture\" allowfullscreen><\/iframe><\/p>\n<p>&nbsp;<\/p>\n<h1>Articoli correlati<\/h1>\n<p><a href=\"http:\/\/www.museogrigio.it\/wp\/?p=8499\">Tra Perugia e Alessandria solo quattro precedenti<\/a><\/p>\n<p><a href=\"http:\/\/www.museogrigio.it\/wp\/?p=8468\">Quel Perugia prima squadra italiana a chiudere imbattuta un campionato di serie A<\/a><\/p>\n<p><a href=\"http:\/\/www.museogrigio.it\/wp\/?p=8453\">Il pianeta degli Ultras a Perugia, all\u2019ombra del Grifo<\/a><\/p>\n<p><a href=\"http:\/\/www.museogrigio.it\/wp\/?p=8488\">Sollier e Curi: gli anni Settanta devono molto al Perugia<\/a><\/p>\n","protected":false},"excerpt":{"rendered":"<p>Sei ottobre 1974, al &#8220;Mocca&#8221; va in scena Alessandria-Perugia 0-0. Baisi, stretto tra due avversari, tenta vanamente la via del gol (foto Zanini). &nbsp; Domenica sera allo stadio &#8220;Renato Curi&#8221; si giocher\u00e0 Perugia-Alessandria, gara valevole per il secondo turno della TimCup. Vi proponiamo questo originale intervento di Daniele Bolzani, che ricorda anche la prima volta [&hellip;]<\/p>\n","protected":false},"author":3,"featured_media":0,"comment_status":"closed","ping_status":"closed","sticky":false,"template":"","format":"standard","meta":{"_et_pb_use_builder":"","_et_pb_old_content":"","_et_gb_content_width":"","inline_featured_image":false,"_monsterinsights_skip_tracking":false,"_monsterinsights_sitenote_active":false,"_monsterinsights_sitenote_note":"","_monsterinsights_sitenote_category":0,"footnotes":""},"categories":[16],"tags":[],"class_list":["post-8503","post","type-post","status-publish","format-standard","hentry","category-news"],"yoast_head":"<!-- This site is optimized with the Yoast SEO plugin v26.6 - https:\/\/yoast.com\/wordpress\/plugins\/seo\/ -->\n<title>Simpatico e famelico. Cos\u00ec i Grigi conobbero il Grifo - Museo Grigio<\/title>\n<meta name=\"robots\" content=\"index, follow, max-snippet:-1, max-image-preview:large, max-video-preview:-1\" \/>\n<link rel=\"canonical\" href=\"https:\/\/www.museogrigio.it\/wp\/simpatico-e-famelico-cosi-i-grigi-conobbero-il-grifo\/\" \/>\n<meta property=\"og:locale\" content=\"it_IT\" \/>\n<meta property=\"og:type\" content=\"article\" \/>\n<meta property=\"og:title\" content=\"Simpatico e famelico. Cos\u00ec i Grigi conobbero il Grifo - Museo Grigio\" \/>\n<meta property=\"og:description\" content=\"Sei ottobre 1974, al &#8220;Mocca&#8221; va in scena Alessandria-Perugia 0-0. Baisi, stretto tra due avversari, tenta vanamente la via del gol (foto Zanini). &nbsp; Domenica sera allo stadio &#8220;Renato Curi&#8221; si giocher\u00e0 Perugia-Alessandria, gara valevole per il secondo turno della TimCup. Vi proponiamo questo originale intervento di Daniele Bolzani, che ricorda anche la prima volta [&hellip;]\" \/>\n<meta property=\"og:url\" content=\"https:\/\/www.museogrigio.it\/wp\/simpatico-e-famelico-cosi-i-grigi-conobbero-il-grifo\/\" \/>\n<meta property=\"og:site_name\" content=\"Museo Grigio\" \/>\n<meta property=\"article:published_time\" content=\"2016-08-05T13:11:28+00:00\" \/>\n<meta property=\"og:image\" content=\"http:\/\/www.museogrigio.it\/wp\/wp-content\/uploads\/2016\/08\/Perugia1.jpg\" \/>\n<meta name=\"author\" content=\"mgblogger\" \/>\n<meta name=\"twitter:card\" content=\"summary_large_image\" \/>\n<meta name=\"twitter:label1\" content=\"Scritto da\" \/>\n\t<meta name=\"twitter:data1\" content=\"mgblogger\" \/>\n\t<meta name=\"twitter:label2\" content=\"Tempo di lettura stimato\" \/>\n\t<meta name=\"twitter:data2\" content=\"8 minuti\" \/>\n<script type=\"application\/ld+json\" class=\"yoast-schema-graph\">{\"@context\":\"https:\/\/schema.org\",\"@graph\":[{\"@type\":\"WebPage\",\"@id\":\"https:\/\/www.museogrigio.it\/wp\/simpatico-e-famelico-cosi-i-grigi-conobbero-il-grifo\/\",\"url\":\"https:\/\/www.museogrigio.it\/wp\/simpatico-e-famelico-cosi-i-grigi-conobbero-il-grifo\/\",\"name\":\"Simpatico e famelico. Cos\u00ec i Grigi conobbero il Grifo - Museo Grigio\",\"isPartOf\":{\"@id\":\"https:\/\/www.museogrigio.it\/wp\/#website\"},\"primaryImageOfPage\":{\"@id\":\"https:\/\/www.museogrigio.it\/wp\/simpatico-e-famelico-cosi-i-grigi-conobbero-il-grifo\/#primaryimage\"},\"image\":{\"@id\":\"https:\/\/www.museogrigio.it\/wp\/simpatico-e-famelico-cosi-i-grigi-conobbero-il-grifo\/#primaryimage\"},\"thumbnailUrl\":\"http:\/\/www.museogrigio.it\/wp\/wp-content\/uploads\/2016\/08\/Perugia1.jpg\",\"datePublished\":\"2016-08-05T13:11:28+00:00\",\"author\":{\"@id\":\"https:\/\/www.museogrigio.it\/wp\/#\/schema\/person\/7ae7f5a79c8f571fd56d74aabb80b3f3\"},\"breadcrumb\":{\"@id\":\"https:\/\/www.museogrigio.it\/wp\/simpatico-e-famelico-cosi-i-grigi-conobbero-il-grifo\/#breadcrumb\"},\"inLanguage\":\"it-IT\",\"potentialAction\":[{\"@type\":\"ReadAction\",\"target\":[\"https:\/\/www.museogrigio.it\/wp\/simpatico-e-famelico-cosi-i-grigi-conobbero-il-grifo\/\"]}]},{\"@type\":\"ImageObject\",\"inLanguage\":\"it-IT\",\"@id\":\"https:\/\/www.museogrigio.it\/wp\/simpatico-e-famelico-cosi-i-grigi-conobbero-il-grifo\/#primaryimage\",\"url\":\"https:\/\/www.museogrigio.it\/wp\/wp-content\/uploads\/2016\/08\/Perugia1.jpg\",\"contentUrl\":\"https:\/\/www.museogrigio.it\/wp\/wp-content\/uploads\/2016\/08\/Perugia1.jpg\",\"width\":551,\"height\":350},{\"@type\":\"BreadcrumbList\",\"@id\":\"https:\/\/www.museogrigio.it\/wp\/simpatico-e-famelico-cosi-i-grigi-conobbero-il-grifo\/#breadcrumb\",\"itemListElement\":[{\"@type\":\"ListItem\",\"position\":1,\"name\":\"Home\",\"item\":\"https:\/\/www.museogrigio.it\/wp\/\"},{\"@type\":\"ListItem\",\"position\":2,\"name\":\"Simpatico e famelico. Cos\u00ec i Grigi conobbero il Grifo\"}]},{\"@type\":\"WebSite\",\"@id\":\"https:\/\/www.museogrigio.it\/wp\/#website\",\"url\":\"https:\/\/www.museogrigio.it\/wp\/\",\"name\":\"Museo Grigio\",\"description\":\"Museo Grigio Blog\",\"potentialAction\":[{\"@type\":\"SearchAction\",\"target\":{\"@type\":\"EntryPoint\",\"urlTemplate\":\"https:\/\/www.museogrigio.it\/wp\/?s={search_term_string}\"},\"query-input\":{\"@type\":\"PropertyValueSpecification\",\"valueRequired\":true,\"valueName\":\"search_term_string\"}}],\"inLanguage\":\"it-IT\"},{\"@type\":\"Person\",\"@id\":\"https:\/\/www.museogrigio.it\/wp\/#\/schema\/person\/7ae7f5a79c8f571fd56d74aabb80b3f3\",\"name\":\"mgblogger\",\"image\":{\"@type\":\"ImageObject\",\"inLanguage\":\"it-IT\",\"@id\":\"https:\/\/www.museogrigio.it\/wp\/#\/schema\/person\/image\/\",\"url\":\"https:\/\/secure.gravatar.com\/avatar\/c01466dbaec6f151089fefd81e4e31df853c7b5c4af467acdacd2bda7e1e497a?s=96&d=mm&r=g\",\"contentUrl\":\"https:\/\/secure.gravatar.com\/avatar\/c01466dbaec6f151089fefd81e4e31df853c7b5c4af467acdacd2bda7e1e497a?s=96&d=mm&r=g\",\"caption\":\"mgblogger\"},\"url\":\"https:\/\/www.museogrigio.it\/wp\/author\/mgblogger\/\"}]}<\/script>\n<!-- \/ Yoast SEO plugin. -->","yoast_head_json":{"title":"Simpatico e famelico. Cos\u00ec i Grigi conobbero il Grifo - Museo Grigio","robots":{"index":"index","follow":"follow","max-snippet":"max-snippet:-1","max-image-preview":"max-image-preview:large","max-video-preview":"max-video-preview:-1"},"canonical":"https:\/\/www.museogrigio.it\/wp\/simpatico-e-famelico-cosi-i-grigi-conobbero-il-grifo\/","og_locale":"it_IT","og_type":"article","og_title":"Simpatico e famelico. Cos\u00ec i Grigi conobbero il Grifo - Museo Grigio","og_description":"Sei ottobre 1974, al &#8220;Mocca&#8221; va in scena Alessandria-Perugia 0-0. Baisi, stretto tra due avversari, tenta vanamente la via del gol (foto Zanini). &nbsp; Domenica sera allo stadio &#8220;Renato Curi&#8221; si giocher\u00e0 Perugia-Alessandria, gara valevole per il secondo turno della TimCup. Vi proponiamo questo originale intervento di Daniele Bolzani, che ricorda anche la prima volta [&hellip;]","og_url":"https:\/\/www.museogrigio.it\/wp\/simpatico-e-famelico-cosi-i-grigi-conobbero-il-grifo\/","og_site_name":"Museo Grigio","article_published_time":"2016-08-05T13:11:28+00:00","og_image":[{"url":"http:\/\/www.museogrigio.it\/wp\/wp-content\/uploads\/2016\/08\/Perugia1.jpg","type":"","width":"","height":""}],"author":"mgblogger","twitter_card":"summary_large_image","twitter_misc":{"Scritto da":"mgblogger","Tempo di lettura stimato":"8 minuti"},"schema":{"@context":"https:\/\/schema.org","@graph":[{"@type":"WebPage","@id":"https:\/\/www.museogrigio.it\/wp\/simpatico-e-famelico-cosi-i-grigi-conobbero-il-grifo\/","url":"https:\/\/www.museogrigio.it\/wp\/simpatico-e-famelico-cosi-i-grigi-conobbero-il-grifo\/","name":"Simpatico e famelico. Cos\u00ec i Grigi conobbero il Grifo - Museo Grigio","isPartOf":{"@id":"https:\/\/www.museogrigio.it\/wp\/#website"},"primaryImageOfPage":{"@id":"https:\/\/www.museogrigio.it\/wp\/simpatico-e-famelico-cosi-i-grigi-conobbero-il-grifo\/#primaryimage"},"image":{"@id":"https:\/\/www.museogrigio.it\/wp\/simpatico-e-famelico-cosi-i-grigi-conobbero-il-grifo\/#primaryimage"},"thumbnailUrl":"http:\/\/www.museogrigio.it\/wp\/wp-content\/uploads\/2016\/08\/Perugia1.jpg","datePublished":"2016-08-05T13:11:28+00:00","author":{"@id":"https:\/\/www.museogrigio.it\/wp\/#\/schema\/person\/7ae7f5a79c8f571fd56d74aabb80b3f3"},"breadcrumb":{"@id":"https:\/\/www.museogrigio.it\/wp\/simpatico-e-famelico-cosi-i-grigi-conobbero-il-grifo\/#breadcrumb"},"inLanguage":"it-IT","potentialAction":[{"@type":"ReadAction","target":["https:\/\/www.museogrigio.it\/wp\/simpatico-e-famelico-cosi-i-grigi-conobbero-il-grifo\/"]}]},{"@type":"ImageObject","inLanguage":"it-IT","@id":"https:\/\/www.museogrigio.it\/wp\/simpatico-e-famelico-cosi-i-grigi-conobbero-il-grifo\/#primaryimage","url":"https:\/\/www.museogrigio.it\/wp\/wp-content\/uploads\/2016\/08\/Perugia1.jpg","contentUrl":"https:\/\/www.museogrigio.it\/wp\/wp-content\/uploads\/2016\/08\/Perugia1.jpg","width":551,"height":350},{"@type":"BreadcrumbList","@id":"https:\/\/www.museogrigio.it\/wp\/simpatico-e-famelico-cosi-i-grigi-conobbero-il-grifo\/#breadcrumb","itemListElement":[{"@type":"ListItem","position":1,"name":"Home","item":"https:\/\/www.museogrigio.it\/wp\/"},{"@type":"ListItem","position":2,"name":"Simpatico e famelico. Cos\u00ec i Grigi conobbero il Grifo"}]},{"@type":"WebSite","@id":"https:\/\/www.museogrigio.it\/wp\/#website","url":"https:\/\/www.museogrigio.it\/wp\/","name":"Museo Grigio","description":"Museo Grigio Blog","potentialAction":[{"@type":"SearchAction","target":{"@type":"EntryPoint","urlTemplate":"https:\/\/www.museogrigio.it\/wp\/?s={search_term_string}"},"query-input":{"@type":"PropertyValueSpecification","valueRequired":true,"valueName":"search_term_string"}}],"inLanguage":"it-IT"},{"@type":"Person","@id":"https:\/\/www.museogrigio.it\/wp\/#\/schema\/person\/7ae7f5a79c8f571fd56d74aabb80b3f3","name":"mgblogger","image":{"@type":"ImageObject","inLanguage":"it-IT","@id":"https:\/\/www.museogrigio.it\/wp\/#\/schema\/person\/image\/","url":"https:\/\/secure.gravatar.com\/avatar\/c01466dbaec6f151089fefd81e4e31df853c7b5c4af467acdacd2bda7e1e497a?s=96&d=mm&r=g","contentUrl":"https:\/\/secure.gravatar.com\/avatar\/c01466dbaec6f151089fefd81e4e31df853c7b5c4af467acdacd2bda7e1e497a?s=96&d=mm&r=g","caption":"mgblogger"},"url":"https:\/\/www.museogrigio.it\/wp\/author\/mgblogger\/"}]}},"_links":{"self":[{"href":"https:\/\/www.museogrigio.it\/wp\/wp-json\/wp\/v2\/posts\/8503","targetHints":{"allow":["GET"]}}],"collection":[{"href":"https:\/\/www.museogrigio.it\/wp\/wp-json\/wp\/v2\/posts"}],"about":[{"href":"https:\/\/www.museogrigio.it\/wp\/wp-json\/wp\/v2\/types\/post"}],"author":[{"embeddable":true,"href":"https:\/\/www.museogrigio.it\/wp\/wp-json\/wp\/v2\/users\/3"}],"replies":[{"embeddable":true,"href":"https:\/\/www.museogrigio.it\/wp\/wp-json\/wp\/v2\/comments?post=8503"}],"version-history":[{"count":8,"href":"https:\/\/www.museogrigio.it\/wp\/wp-json\/wp\/v2\/posts\/8503\/revisions"}],"predecessor-version":[{"id":8582,"href":"https:\/\/www.museogrigio.it\/wp\/wp-json\/wp\/v2\/posts\/8503\/revisions\/8582"}],"wp:attachment":[{"href":"https:\/\/www.museogrigio.it\/wp\/wp-json\/wp\/v2\/media?parent=8503"}],"wp:term":[{"taxonomy":"category","embeddable":true,"href":"https:\/\/www.museogrigio.it\/wp\/wp-json\/wp\/v2\/categories?post=8503"},{"taxonomy":"post_tag","embeddable":true,"href":"https:\/\/www.museogrigio.it\/wp\/wp-json\/wp\/v2\/tags?post=8503"}],"curies":[{"name":"wp","href":"https:\/\/api.w.org\/{rel}","templated":true}]}}