{"id":8343,"date":"2016-07-30T13:06:15","date_gmt":"2016-07-30T13:06:15","guid":{"rendered":"http:\/\/www.museogrigio.it\/wp\/?p=8343"},"modified":"2020-08-24T12:38:40","modified_gmt":"2020-08-24T12:38:40","slug":"incroci-particolari-tra-alessandria-e-teramo","status":"publish","type":"post","link":"https:\/\/www.museogrigio.it\/wp\/incroci-particolari-tra-alessandria-e-teramo\/","title":{"rendered":"Incroci particolari tra Alessandria e Teramo"},"content":{"rendered":"<p><a href=\"http:\/\/www.museogrigio.it\/wp\/wp-content\/uploads\/2016\/07\/Ferrani.jpg\"><img loading=\"lazy\" decoding=\"async\" class=\"alignnone size-full wp-image-8345\" src=\"http:\/\/www.museogrigio.it\/wp\/wp-content\/uploads\/2016\/07\/Ferrani.jpg\" alt=\"Ferrani\" width=\"1024\" height=\"576\" srcset=\"https:\/\/www.museogrigio.it\/wp\/wp-content\/uploads\/2016\/07\/Ferrani.jpg 1024w, https:\/\/www.museogrigio.it\/wp\/wp-content\/uploads\/2016\/07\/Ferrani-300x169.jpg 300w, https:\/\/www.museogrigio.it\/wp\/wp-content\/uploads\/2016\/07\/Ferrani-624x351.jpg 624w\" sizes=\"auto, (max-width: 1024px) 100vw, 1024px\" \/><\/a><\/p>\n<p>Il <strong>Teramo<\/strong> come squadra \u00e8 un nome nuovo, nel senso che <strong>non ha mai affrontato i Grigi<\/strong> nella sua storia. Tuttavia c&#8217;\u00e8 <strong>un filo rosso<\/strong> che unisce le due societ\u00e0 ed \u00e8 rappresentato dai giocatori. Infatti <strong>sono ben 37 i calciatori<\/strong> che, nel corso degli anni, hanno indossato la maglia di entrambe le squadre: nessuno (almeno nel momento in cui scriviamo) \u00e8 compreso nelle rose attuali delle due formazioni.<\/p>\n<p>Il primo <strong>ex grigio<\/strong> a vestire il biancorosso del <strong>Teramo<\/strong> \u00e8 stato <strong>Lodovico Cellerino, terzino di Castelceriolo<\/strong>, riserva dell&#8217;<strong>Alessandria<\/strong> nel campionato di A 1934-&#8217;35 che tra il 1939 e il 1941 ha giocato 55 partite in serie C nella squadra abruzzese. Assieme a lui nel 1939-&#8217;40 c&#8217;era il pescarese <strong>Riccardo Di Santo <em>(foto sotto a sinistra)<\/em><\/strong>, 8 presenze tra i <strong>Grigi<\/strong> di B e rientrato nella squadra della citt\u00e0 natale l&#8217;anno dopo con un bilancio di 12 partite e 2 gol.<a href=\"http:\/\/www.museogrigio.it\/wp\/wp-content\/uploads\/2016\/07\/2098-disantor.jpg\"><img loading=\"lazy\" decoding=\"async\" class=\" size-full wp-image-8346 alignleft\" src=\"http:\/\/www.museogrigio.it\/wp\/wp-content\/uploads\/2016\/07\/2098-disantor.jpg\" alt=\"2098-disantor\" width=\"95\" height=\"119\" \/><\/a><\/p>\n<p>Il primo a percorrere l&#8217;Adriatica in senso contrario fu <strong>Gianluigi Brotto <em>(foto sotto a destra)<\/em><\/strong>. Il terzino originario di Bolzano gioc\u00f2 in Abruzzo nella stagione 1953-&#8217;54 (campionato di promozione) per finire nella rosa dell&#8217;<strong>Alessandria<\/strong> nel 1956-&#8217;57, la stagione dell&#8217;utima promozione in A. Qui scese in campo 11 volte indossando la maglia numero 2 anche nello <strong>spareggio di San Siro contro il Brescia<\/strong>.<a href=\"http:\/\/www.museogrigio.it\/wp\/wp-content\/uploads\/2016\/07\/1431-brotto.jpg\"><img loading=\"lazy\" decoding=\"async\" class=\"  wp-image-8347 alignright\" src=\"http:\/\/www.museogrigio.it\/wp\/wp-content\/uploads\/2016\/07\/1431-brotto.jpg\" alt=\"1431-brotto\" width=\"163\" height=\"238\" srcset=\"https:\/\/www.museogrigio.it\/wp\/wp-content\/uploads\/2016\/07\/1431-brotto.jpg 377w, https:\/\/www.museogrigio.it\/wp\/wp-content\/uploads\/2016\/07\/1431-brotto-205x300.jpg 205w\" sizes=\"auto, (max-width: 163px) 100vw, 163px\" \/><\/a><\/p>\n<p>E&#8217; dagli anni &#8217;70, in concomitanza di una pi\u00f9 accentuata presenza dei teramani nelle serie professionistiche, che i contatti si intensificano. Nel 1972-&#8217;73 il<strong> Teramo<\/strong> in D schiera l&#8217;ala <strong>Di Cristofaro<\/strong>, due stagioni in B con i <strong>Grigi<\/strong> a vent&#8217;anni e un buon ricordo lasciato tra i tifosi mandrogni. Originario di Colonnella, comune della provincia teramana, chiuse l\u00ec la sua carriera. Nel 1975-&#8217;76 i <strong>Grigi<\/strong> acquistarono <strong>Pulitelli,<\/strong> bomber del <strong>Teramo<\/strong>, che ad <strong>Alessandria<\/strong> fall\u00ec per motivi ambientali, finendo la stagione al <strong>Pisa<\/strong> per poi rientrare in Abruzzo.<\/p>\n<p><a href=\"http:\/\/www.museogrigio.it\/wp\/wp-content\/uploads\/2016\/07\/Pulitelli.jpg\"><img loading=\"lazy\" decoding=\"async\" class=\"alignnone size-full wp-image-8348\" src=\"http:\/\/www.museogrigio.it\/wp\/wp-content\/uploads\/2016\/07\/Pulitelli.jpg\" alt=\"Pulitelli\" width=\"720\" height=\"960\" srcset=\"https:\/\/www.museogrigio.it\/wp\/wp-content\/uploads\/2016\/07\/Pulitelli.jpg 720w, https:\/\/www.museogrigio.it\/wp\/wp-content\/uploads\/2016\/07\/Pulitelli-225x300.jpg 225w, https:\/\/www.museogrigio.it\/wp\/wp-content\/uploads\/2016\/07\/Pulitelli-624x832.jpg 624w\" sizes=\"auto, (max-width: 720px) 100vw, 720px\" \/><\/a><em><strong>Giancarlo Pulitelli.<\/strong><\/em><\/p>\n<p>I <strong>biancorossi<\/strong> al suo posto ingaggiarono <strong>Massimo Vulpiani <em>(foto sotto)<\/em><\/strong>, tre mesi ai grigi qualche stagione prima senza presenze.<a href=\"http:\/\/www.museogrigio.it\/wp\/wp-content\/uploads\/2016\/07\/1621-vulpiani.jpg\"><img loading=\"lazy\" decoding=\"async\" class=\" size-full wp-image-8349 alignright\" src=\"http:\/\/www.museogrigio.it\/wp\/wp-content\/uploads\/2016\/07\/1621-vulpiani.jpg\" alt=\"1621-vulpiani\" width=\"156\" height=\"224\" \/><\/a><\/p>\n<p>Nella squadra del campionato 1977-&#8217;78, quello della divisione tra C1 e C2, <strong>tra i Grigi giocava Roberto Vichi<\/strong> romano proveniente dal <strong>Catanzaro<\/strong>. Il forte difensore alla fine della stagione pass\u00f2 al <strong>Piacenza<\/strong> per vestire, alcuni anni dopo, il biancorosso teramano.<\/p>\n<p>Trasloco diretto <strong>tra Alessandria a Teramo per Alfredo Canzanese <em>(foto sotto in un&#8217;immagine recente)<\/em><\/strong><em>;<\/em> il bomberone di Giulianova per\u00f2 deluse le aspettative segnando solo 6 reti in tutto il campionato e venne infine ceduto al <strong>Teramo<\/strong>. <strong><a href=\"http:\/\/www.museogrigio.it\/wp\/wp-content\/uploads\/2016\/07\/Canzanese-oggi.jpg\"><img loading=\"lazy\" decoding=\"async\" class=\" size-full wp-image-8351 alignleft\" src=\"http:\/\/www.museogrigio.it\/wp\/wp-content\/uploads\/2016\/07\/Canzanese-oggi.jpg\" alt=\"Canzanese oggi\" width=\"172\" height=\"193\" \/><\/a>Rocco Pagano<\/strong>, prodotto del vivaio juventino giunse ad <strong>Alessandria<\/strong> a vent&#8217;anni; schierato 27 volte fece appieno il suo dovere; nelle stagioni successive raccolse 210 presenze in serie B a 60 in A soprattutto con <strong>Pescara e Perugia<\/strong>. A <strong>Teramo<\/strong> gioc\u00f2 le sue ultime stagioni da professionista<strong>. Lo stesso percorso di Canzanese l&#8217;ha fatto Paolo Da Re<\/strong>; <strong><em>(immagine sotto)<\/em> <\/strong>centrocampista proveniente da <strong>Mestre,<\/strong> ha vestito per un anno il grigio per poi indossare il biancorosso per due stagioni contribuendo anche alla promozione in C1 della squadra teramana.<a href=\"http:\/\/www.museogrigio.it\/wp\/wp-content\/uploads\/2016\/07\/Da-Re.jpg\"><img loading=\"lazy\" decoding=\"async\" class=\"  wp-image-8352 alignright\" src=\"http:\/\/www.museogrigio.it\/wp\/wp-content\/uploads\/2016\/07\/Da-Re.jpg\" alt=\"Da Re\" width=\"155\" height=\"216\" srcset=\"https:\/\/www.museogrigio.it\/wp\/wp-content\/uploads\/2016\/07\/Da-Re.jpg 294w, https:\/\/www.museogrigio.it\/wp\/wp-content\/uploads\/2016\/07\/Da-Re-216x300.jpg 216w\" sizes=\"auto, (max-width: 155px) 100vw, 155px\" \/><\/a><\/p>\n<p><strong>Pino Tortora<\/strong> lo ricordiamo tutti: tre stagioni nei <strong>Grigi<\/strong> con 92 gare di campionato e tredici gol segnati. Dopo una parentesi biennale a <strong>Vasto<\/strong> ha giocato a <strong>Teramo<\/strong> tre stagioni totalizzando 99 presenze (33 in D, 66 in C2) con 29 gol.<\/p>\n<p>Anche <strong>Paolo Terzaroli<\/strong> ha vestito le due maglie: dal 1993 al 1995 il grigio nel 1996-97 il biancorosso.<\/p>\n<p>Ci avviciniamo ai tempi nostri e i nomi suonano familiari ad un numero sempre maggiore di appassionati: <strong>Fimognari, Catelli, Chiavaroli e Patrick Moro<\/strong> protagonisti ad <strong>Alessandria<\/strong> a cavallo del 2000 sono stati tutti, sia pure in tempi diversi, giocatori del <strong>Teramo<\/strong>.<\/p>\n<p>Anche <strong>Moreno Longo<\/strong>, l&#8217;attuale allenatore della<strong> Pro Vercelli<\/strong> sconfitta dai grigi pochi giorni or sono, prima di giocare da noi (2005-&#8217;06) ha militato per una stagione in Abruzzo scendendo in campo solo 5 volte.<\/p>\n<p>Nel disgraziato anno 2002-&#8217;03 c&#8217;erano diversi giocatori con <strong>il grigiobiancorosso<\/strong> nella loro carriera: <strong>Dei, Manni, Minadeo e Quadrini<\/strong> hanno vestito entrambe le maglie avendo in comune il grigio nella stessa stagione.<\/p>\n<p><a href=\"http:\/\/www.museogrigio.it\/wp\/wp-content\/uploads\/2016\/07\/valentini.jpg\"><img loading=\"lazy\" decoding=\"async\" class=\"alignnone  wp-image-8353\" src=\"http:\/\/www.museogrigio.it\/wp\/wp-content\/uploads\/2016\/07\/valentini.jpg\" alt=\"valentini\" width=\"622\" height=\"347\" srcset=\"https:\/\/www.museogrigio.it\/wp\/wp-content\/uploads\/2016\/07\/valentini.jpg 520w, https:\/\/www.museogrigio.it\/wp\/wp-content\/uploads\/2016\/07\/valentini-300x167.jpg 300w\" sizes=\"auto, (max-width: 622px) 100vw, 622px\" \/><\/a><em><strong>Valentini con la maglia del Teramo.<\/strong><\/em><\/p>\n<p>Con la rinascita altri undici giocatori si sono divisi <strong>tra Teramo ed Alessandria<\/strong>: li elenchiamo qui di seguito: <strong>Marcat, Spinelli, Gemmi, Lorieri, Marco Russo, Schettino, Bondi <em>(foto sotto)<\/em>, Ferrani e Valentini<\/strong>.<a href=\"http:\/\/www.museogrigio.it\/wp\/wp-content\/uploads\/2016\/07\/Bondi.jpg\"><img loading=\"lazy\" decoding=\"async\" class=\"  wp-image-8354 alignright\" src=\"http:\/\/www.museogrigio.it\/wp\/wp-content\/uploads\/2016\/07\/Bondi.jpg\" alt=\"Bondi\" width=\"161\" height=\"243\" srcset=\"https:\/\/www.museogrigio.it\/wp\/wp-content\/uploads\/2016\/07\/Bondi.jpg 596w, https:\/\/www.museogrigio.it\/wp\/wp-content\/uploads\/2016\/07\/Bondi-199x300.jpg 199w\" sizes=\"auto, (max-width: 161px) 100vw, 161px\" \/><\/a><\/p>\n<p>L&#8217;ultimo in ordine di tempo ha appena lasciato Alessandria: <strong>Emanuele Nordi<\/strong> che ha militato in C2 nel 2007-&#8217;08 nel <strong>Teramo<\/strong> giocando tutte le partite ed incassando 41 reti<\/p>\n<p>L&#8217;ultimo della lista \u00e8 l&#8217;unico ad essere ancora nei ranghi (tecnici) di una delle due societ\u00e0: parliamo di <strong>Andrea Servili<\/strong>, tre stagioni a guarda dei pali biancorossi in C2 con con 65 gare e 57 reti incassate, prima di passare agli altri biancorossi, quelli del\u00a0<strong><span class=\"st\">S\u00fcdtirol<\/span> <\/strong>e <strong>poi al grigio<\/strong> che veste tuttora come allenatore dei portieri.<\/p>\n<p>In questa veloce disamina dei <strong>doppi ex<\/strong> abbiamo tralasciato altri cinque giocatori <strong>Todde, Bagalini, Cognata, Sacchi e Bono<\/strong>, che hanno lasciato poche tracce.<\/p>\n<p><a href=\"http:\/\/www.museogrigio.it\/wp\/wp-content\/uploads\/2016\/07\/Nordi.jpg\"><img loading=\"lazy\" decoding=\"async\" class=\"alignnone  wp-image-8355\" src=\"http:\/\/www.museogrigio.it\/wp\/wp-content\/uploads\/2016\/07\/Nordi.jpg\" alt=\"Nordi\" width=\"628\" height=\"800\" srcset=\"https:\/\/www.museogrigio.it\/wp\/wp-content\/uploads\/2016\/07\/Nordi.jpg 518w, https:\/\/www.museogrigio.it\/wp\/wp-content\/uploads\/2016\/07\/Nordi-235x300.jpg 235w\" sizes=\"auto, (max-width: 628px) 100vw, 628px\" \/><\/a><em><strong>Emanuele Nordi.<\/strong><\/em><\/p>\n<p><strong>Tre allenatori<\/strong> hanno avuto la responsabilit\u00e0 tecnica di entrambe le squadre.<\/p>\n<p>Il primo \u00e8 <strong>Romano Matt\u00e8<\/strong> che ad <strong>Alessandria<\/strong> arriva nel 1978 per sostituire <strong>Mario Trebbi<\/strong>: prende in mano una squadra in difficolt\u00e0 ma riesce a catturare in extremis quel dodicesimo posto che d\u00e0 diritto alla nuova serie C1.<strong> Matt\u00e8<\/strong> passa al <strong>Teramo<\/strong> nel 1989-90 e anche in questo caso, malgrado le difficolt\u00e0 societarie, riesce ad ottenere un buon sesto posto.<\/p>\n<p><a href=\"https:\/\/www.museogrigio.it\/wp\/wp-content\/uploads\/2020\/08\/Matte.jpeg\"><img loading=\"lazy\" decoding=\"async\" class=\"alignnone wp-image-21112 size-full\" src=\"https:\/\/www.museogrigio.it\/wp\/wp-content\/uploads\/2020\/08\/Matte.jpeg\" alt=\"\" width=\"476\" height=\"357\" srcset=\"https:\/\/www.museogrigio.it\/wp\/wp-content\/uploads\/2020\/08\/Matte.jpeg 476w, https:\/\/www.museogrigio.it\/wp\/wp-content\/uploads\/2020\/08\/Matte-300x225.jpeg 300w\" sizes=\"auto, (max-width: 476px) 100vw, 476px\" \/><\/a><\/p>\n<p>Romano Matt\u00e8.<\/p>\n<p><strong>Eugenio Fantini<\/strong> guid\u00f2 il <strong>Teramo<\/strong> nel 1974-&#8217;75 quando la squadra sfior\u00f2 la promozione in B. A fine stagione, mentre <strong>Pulitelli<\/strong> prendeva la via per <strong>Alessandria,<\/strong> il mister pass\u00f2 alla guida del <strong>Taranto<\/strong>; giunse ad <strong>Alessandria<\/strong> chiamato da <strong>Bruno Cavallo<\/strong> nel 1979-&#8217;80. La stagione va male e Fantini viene esonerato ad inizio febbraio dopo la sconfitta caslainga con il <strong>Mantova<\/strong>.<\/p>\n<p><a href=\"http:\/\/www.museogrigio.it\/wp\/wp-content\/uploads\/2016\/07\/Eugenio-Fantini-2.jpg\"><img loading=\"lazy\" decoding=\"async\" class=\"alignnone  wp-image-8357\" src=\"http:\/\/www.museogrigio.it\/wp\/wp-content\/uploads\/2016\/07\/Eugenio-Fantini-2.jpg\" alt=\"Eugenio-Fantini-2\" width=\"607\" height=\"908\" srcset=\"https:\/\/www.museogrigio.it\/wp\/wp-content\/uploads\/2016\/07\/Eugenio-Fantini-2.jpg 390w, https:\/\/www.museogrigio.it\/wp\/wp-content\/uploads\/2016\/07\/Eugenio-Fantini-2-200x300.jpg 200w\" sizes=\"auto, (max-width: 607px) 100vw, 607px\" \/><\/a><strong><em>Eugenio Fantini.<\/em><\/strong><\/p>\n<p>Terzo ed ultimo in ordine di apparizione <strong>Roberto Pruzzo <em>(foto sotto)<\/em><\/strong>: <a href=\"http:\/\/www.museogrigio.it\/wp\/wp-content\/uploads\/2016\/07\/Pruzzo.jpg\"><img loading=\"lazy\" decoding=\"async\" class=\"  wp-image-8358 alignleft\" src=\"http:\/\/www.museogrigio.it\/wp\/wp-content\/uploads\/2016\/07\/Pruzzo.jpg\" alt=\"Pruzzo\" width=\"284\" height=\"267\" srcset=\"https:\/\/www.museogrigio.it\/wp\/wp-content\/uploads\/2016\/07\/Pruzzo.jpg 330w, https:\/\/www.museogrigio.it\/wp\/wp-content\/uploads\/2016\/07\/Pruzzo-300x282.jpg 300w\" sizes=\"auto, (max-width: 284px) 100vw, 284px\" \/><\/a>il bomber di Crocefieschi allena il <strong>Teramo<\/strong> nella stagione 1999-2000; si piazza al quinto posto nel girone B della C2 qualificandosi per i playout. Opposti al <strong>Rimini<\/strong> i biancorossi abruzzesi vincono al Romeo Neri per 1-0 ma si fanno superare in casa per 3-0. Lasciata la squadra teramana <strong>Pruzzo<\/strong> viene assunto dall&#8217;<strong>Alessandria<\/strong> al posto di <strong>Maselli<\/strong> ad inizio preparazione. A novembre dopo dodici giornate i <strong>Grigi<\/strong> hanno solo 8 punti e sono ultimi. <strong>Pruzzo<\/strong> viene esonerato e sostituito da <strong>Rossetti<\/strong>. Le cose non vanno meglio perci\u00f2 <strong>Spinelli<\/strong> lo richiama in panchina a fine gennaio. L&#8217;<strong>Alessandria<\/strong> chiude da ultimissima (come recita uno striscione esposto dagli <strong>Ultras<\/strong>) e scende mestamente in C2.<\/p>\n<p style=\"text-align: right;\"><em>\u00a0<strong>Sergio Giovanelli<\/strong><\/em><\/p>\n<h1 style=\"text-align: left;\">Articoli correlati<\/h1>\n<p><a href=\"http:\/\/www.museogrigio.it\/wp\/?p=8323\">Il pianeta degli Ultras a Teramo<\/a><\/p>\n<p><a href=\"http:\/\/www.museogrigio.it\/wp\/?p=8285\" rel=\"bookmark\">In Coppa \u00e8 ancora questione di Diavoli: Alessandria, ti presento il Teramo<\/a><\/p>\n<div id=\"primary\" class=\"site-content\"><\/div>\n","protected":false},"excerpt":{"rendered":"<p>Il Teramo come squadra \u00e8 un nome nuovo, nel senso che non ha mai affrontato i Grigi nella sua storia. Tuttavia c&#8217;\u00e8 un filo rosso che unisce le due societ\u00e0 ed \u00e8 rappresentato dai giocatori. Infatti sono ben 37 i calciatori che, nel corso degli anni, hanno indossato la maglia di entrambe le squadre: nessuno [&hellip;]<\/p>\n","protected":false},"author":3,"featured_media":0,"comment_status":"closed","ping_status":"closed","sticky":false,"template":"","format":"standard","meta":{"_et_pb_use_builder":"","_et_pb_old_content":"","_et_gb_content_width":"","inline_featured_image":false,"_monsterinsights_skip_tracking":false,"_monsterinsights_sitenote_active":false,"_monsterinsights_sitenote_note":"","_monsterinsights_sitenote_category":0,"footnotes":""},"categories":[16],"tags":[],"class_list":["post-8343","post","type-post","status-publish","format-standard","hentry","category-news"],"yoast_head":"<!-- This site is optimized with the Yoast SEO plugin v26.6 - https:\/\/yoast.com\/wordpress\/plugins\/seo\/ -->\n<title>Incroci particolari tra Alessandria e Teramo - Museo Grigio<\/title>\n<meta name=\"robots\" content=\"index, follow, max-snippet:-1, max-image-preview:large, max-video-preview:-1\" \/>\n<link rel=\"canonical\" href=\"https:\/\/www.museogrigio.it\/wp\/incroci-particolari-tra-alessandria-e-teramo\/\" \/>\n<meta property=\"og:locale\" content=\"it_IT\" \/>\n<meta property=\"og:type\" content=\"article\" \/>\n<meta property=\"og:title\" content=\"Incroci particolari tra Alessandria e Teramo - Museo Grigio\" \/>\n<meta property=\"og:description\" content=\"Il Teramo come squadra \u00e8 un nome nuovo, nel senso che non ha mai affrontato i Grigi nella sua storia. Tuttavia c&#8217;\u00e8 un filo rosso che unisce le due societ\u00e0 ed \u00e8 rappresentato dai giocatori. Infatti sono ben 37 i calciatori che, nel corso degli anni, hanno indossato la maglia di entrambe le squadre: nessuno [&hellip;]\" \/>\n<meta property=\"og:url\" content=\"https:\/\/www.museogrigio.it\/wp\/incroci-particolari-tra-alessandria-e-teramo\/\" \/>\n<meta property=\"og:site_name\" content=\"Museo Grigio\" \/>\n<meta property=\"article:published_time\" content=\"2016-07-30T13:06:15+00:00\" \/>\n<meta property=\"article:modified_time\" content=\"2020-08-24T12:38:40+00:00\" \/>\n<meta property=\"og:image\" content=\"http:\/\/www.museogrigio.it\/wp\/wp-content\/uploads\/2016\/07\/Ferrani.jpg\" \/>\n<meta name=\"author\" content=\"mgblogger\" \/>\n<meta name=\"twitter:card\" content=\"summary_large_image\" \/>\n<meta name=\"twitter:label1\" content=\"Scritto da\" \/>\n\t<meta name=\"twitter:data1\" content=\"mgblogger\" \/>\n\t<meta name=\"twitter:label2\" content=\"Tempo di lettura stimato\" \/>\n\t<meta name=\"twitter:data2\" content=\"5 minuti\" \/>\n<script type=\"application\/ld+json\" class=\"yoast-schema-graph\">{\"@context\":\"https:\/\/schema.org\",\"@graph\":[{\"@type\":\"WebPage\",\"@id\":\"https:\/\/www.museogrigio.it\/wp\/incroci-particolari-tra-alessandria-e-teramo\/\",\"url\":\"https:\/\/www.museogrigio.it\/wp\/incroci-particolari-tra-alessandria-e-teramo\/\",\"name\":\"Incroci particolari tra Alessandria e Teramo - Museo Grigio\",\"isPartOf\":{\"@id\":\"https:\/\/www.museogrigio.it\/wp\/#website\"},\"primaryImageOfPage\":{\"@id\":\"https:\/\/www.museogrigio.it\/wp\/incroci-particolari-tra-alessandria-e-teramo\/#primaryimage\"},\"image\":{\"@id\":\"https:\/\/www.museogrigio.it\/wp\/incroci-particolari-tra-alessandria-e-teramo\/#primaryimage\"},\"thumbnailUrl\":\"http:\/\/www.museogrigio.it\/wp\/wp-content\/uploads\/2016\/07\/Ferrani.jpg\",\"datePublished\":\"2016-07-30T13:06:15+00:00\",\"dateModified\":\"2020-08-24T12:38:40+00:00\",\"author\":{\"@id\":\"https:\/\/www.museogrigio.it\/wp\/#\/schema\/person\/7ae7f5a79c8f571fd56d74aabb80b3f3\"},\"breadcrumb\":{\"@id\":\"https:\/\/www.museogrigio.it\/wp\/incroci-particolari-tra-alessandria-e-teramo\/#breadcrumb\"},\"inLanguage\":\"it-IT\",\"potentialAction\":[{\"@type\":\"ReadAction\",\"target\":[\"https:\/\/www.museogrigio.it\/wp\/incroci-particolari-tra-alessandria-e-teramo\/\"]}]},{\"@type\":\"ImageObject\",\"inLanguage\":\"it-IT\",\"@id\":\"https:\/\/www.museogrigio.it\/wp\/incroci-particolari-tra-alessandria-e-teramo\/#primaryimage\",\"url\":\"https:\/\/www.museogrigio.it\/wp\/wp-content\/uploads\/2016\/07\/Ferrani.jpg\",\"contentUrl\":\"https:\/\/www.museogrigio.it\/wp\/wp-content\/uploads\/2016\/07\/Ferrani.jpg\",\"width\":1024,\"height\":576},{\"@type\":\"BreadcrumbList\",\"@id\":\"https:\/\/www.museogrigio.it\/wp\/incroci-particolari-tra-alessandria-e-teramo\/#breadcrumb\",\"itemListElement\":[{\"@type\":\"ListItem\",\"position\":1,\"name\":\"Home\",\"item\":\"https:\/\/www.museogrigio.it\/wp\/\"},{\"@type\":\"ListItem\",\"position\":2,\"name\":\"Incroci particolari tra Alessandria e Teramo\"}]},{\"@type\":\"WebSite\",\"@id\":\"https:\/\/www.museogrigio.it\/wp\/#website\",\"url\":\"https:\/\/www.museogrigio.it\/wp\/\",\"name\":\"Museo Grigio\",\"description\":\"Museo Grigio Blog\",\"potentialAction\":[{\"@type\":\"SearchAction\",\"target\":{\"@type\":\"EntryPoint\",\"urlTemplate\":\"https:\/\/www.museogrigio.it\/wp\/?s={search_term_string}\"},\"query-input\":{\"@type\":\"PropertyValueSpecification\",\"valueRequired\":true,\"valueName\":\"search_term_string\"}}],\"inLanguage\":\"it-IT\"},{\"@type\":\"Person\",\"@id\":\"https:\/\/www.museogrigio.it\/wp\/#\/schema\/person\/7ae7f5a79c8f571fd56d74aabb80b3f3\",\"name\":\"mgblogger\",\"image\":{\"@type\":\"ImageObject\",\"inLanguage\":\"it-IT\",\"@id\":\"https:\/\/www.museogrigio.it\/wp\/#\/schema\/person\/image\/\",\"url\":\"https:\/\/secure.gravatar.com\/avatar\/c01466dbaec6f151089fefd81e4e31df853c7b5c4af467acdacd2bda7e1e497a?s=96&d=mm&r=g\",\"contentUrl\":\"https:\/\/secure.gravatar.com\/avatar\/c01466dbaec6f151089fefd81e4e31df853c7b5c4af467acdacd2bda7e1e497a?s=96&d=mm&r=g\",\"caption\":\"mgblogger\"},\"url\":\"https:\/\/www.museogrigio.it\/wp\/author\/mgblogger\/\"}]}<\/script>\n<!-- \/ Yoast SEO plugin. -->","yoast_head_json":{"title":"Incroci particolari tra Alessandria e Teramo - Museo Grigio","robots":{"index":"index","follow":"follow","max-snippet":"max-snippet:-1","max-image-preview":"max-image-preview:large","max-video-preview":"max-video-preview:-1"},"canonical":"https:\/\/www.museogrigio.it\/wp\/incroci-particolari-tra-alessandria-e-teramo\/","og_locale":"it_IT","og_type":"article","og_title":"Incroci particolari tra Alessandria e Teramo - Museo Grigio","og_description":"Il Teramo come squadra \u00e8 un nome nuovo, nel senso che non ha mai affrontato i Grigi nella sua storia. Tuttavia c&#8217;\u00e8 un filo rosso che unisce le due societ\u00e0 ed \u00e8 rappresentato dai giocatori. Infatti sono ben 37 i calciatori che, nel corso degli anni, hanno indossato la maglia di entrambe le squadre: nessuno [&hellip;]","og_url":"https:\/\/www.museogrigio.it\/wp\/incroci-particolari-tra-alessandria-e-teramo\/","og_site_name":"Museo Grigio","article_published_time":"2016-07-30T13:06:15+00:00","article_modified_time":"2020-08-24T12:38:40+00:00","og_image":[{"url":"http:\/\/www.museogrigio.it\/wp\/wp-content\/uploads\/2016\/07\/Ferrani.jpg","type":"","width":"","height":""}],"author":"mgblogger","twitter_card":"summary_large_image","twitter_misc":{"Scritto da":"mgblogger","Tempo di lettura stimato":"5 minuti"},"schema":{"@context":"https:\/\/schema.org","@graph":[{"@type":"WebPage","@id":"https:\/\/www.museogrigio.it\/wp\/incroci-particolari-tra-alessandria-e-teramo\/","url":"https:\/\/www.museogrigio.it\/wp\/incroci-particolari-tra-alessandria-e-teramo\/","name":"Incroci particolari tra Alessandria e Teramo - Museo Grigio","isPartOf":{"@id":"https:\/\/www.museogrigio.it\/wp\/#website"},"primaryImageOfPage":{"@id":"https:\/\/www.museogrigio.it\/wp\/incroci-particolari-tra-alessandria-e-teramo\/#primaryimage"},"image":{"@id":"https:\/\/www.museogrigio.it\/wp\/incroci-particolari-tra-alessandria-e-teramo\/#primaryimage"},"thumbnailUrl":"http:\/\/www.museogrigio.it\/wp\/wp-content\/uploads\/2016\/07\/Ferrani.jpg","datePublished":"2016-07-30T13:06:15+00:00","dateModified":"2020-08-24T12:38:40+00:00","author":{"@id":"https:\/\/www.museogrigio.it\/wp\/#\/schema\/person\/7ae7f5a79c8f571fd56d74aabb80b3f3"},"breadcrumb":{"@id":"https:\/\/www.museogrigio.it\/wp\/incroci-particolari-tra-alessandria-e-teramo\/#breadcrumb"},"inLanguage":"it-IT","potentialAction":[{"@type":"ReadAction","target":["https:\/\/www.museogrigio.it\/wp\/incroci-particolari-tra-alessandria-e-teramo\/"]}]},{"@type":"ImageObject","inLanguage":"it-IT","@id":"https:\/\/www.museogrigio.it\/wp\/incroci-particolari-tra-alessandria-e-teramo\/#primaryimage","url":"https:\/\/www.museogrigio.it\/wp\/wp-content\/uploads\/2016\/07\/Ferrani.jpg","contentUrl":"https:\/\/www.museogrigio.it\/wp\/wp-content\/uploads\/2016\/07\/Ferrani.jpg","width":1024,"height":576},{"@type":"BreadcrumbList","@id":"https:\/\/www.museogrigio.it\/wp\/incroci-particolari-tra-alessandria-e-teramo\/#breadcrumb","itemListElement":[{"@type":"ListItem","position":1,"name":"Home","item":"https:\/\/www.museogrigio.it\/wp\/"},{"@type":"ListItem","position":2,"name":"Incroci particolari tra Alessandria e Teramo"}]},{"@type":"WebSite","@id":"https:\/\/www.museogrigio.it\/wp\/#website","url":"https:\/\/www.museogrigio.it\/wp\/","name":"Museo Grigio","description":"Museo Grigio Blog","potentialAction":[{"@type":"SearchAction","target":{"@type":"EntryPoint","urlTemplate":"https:\/\/www.museogrigio.it\/wp\/?s={search_term_string}"},"query-input":{"@type":"PropertyValueSpecification","valueRequired":true,"valueName":"search_term_string"}}],"inLanguage":"it-IT"},{"@type":"Person","@id":"https:\/\/www.museogrigio.it\/wp\/#\/schema\/person\/7ae7f5a79c8f571fd56d74aabb80b3f3","name":"mgblogger","image":{"@type":"ImageObject","inLanguage":"it-IT","@id":"https:\/\/www.museogrigio.it\/wp\/#\/schema\/person\/image\/","url":"https:\/\/secure.gravatar.com\/avatar\/c01466dbaec6f151089fefd81e4e31df853c7b5c4af467acdacd2bda7e1e497a?s=96&d=mm&r=g","contentUrl":"https:\/\/secure.gravatar.com\/avatar\/c01466dbaec6f151089fefd81e4e31df853c7b5c4af467acdacd2bda7e1e497a?s=96&d=mm&r=g","caption":"mgblogger"},"url":"https:\/\/www.museogrigio.it\/wp\/author\/mgblogger\/"}]}},"_links":{"self":[{"href":"https:\/\/www.museogrigio.it\/wp\/wp-json\/wp\/v2\/posts\/8343","targetHints":{"allow":["GET"]}}],"collection":[{"href":"https:\/\/www.museogrigio.it\/wp\/wp-json\/wp\/v2\/posts"}],"about":[{"href":"https:\/\/www.museogrigio.it\/wp\/wp-json\/wp\/v2\/types\/post"}],"author":[{"embeddable":true,"href":"https:\/\/www.museogrigio.it\/wp\/wp-json\/wp\/v2\/users\/3"}],"replies":[{"embeddable":true,"href":"https:\/\/www.museogrigio.it\/wp\/wp-json\/wp\/v2\/comments?post=8343"}],"version-history":[{"count":8,"href":"https:\/\/www.museogrigio.it\/wp\/wp-json\/wp\/v2\/posts\/8343\/revisions"}],"predecessor-version":[{"id":21113,"href":"https:\/\/www.museogrigio.it\/wp\/wp-json\/wp\/v2\/posts\/8343\/revisions\/21113"}],"wp:attachment":[{"href":"https:\/\/www.museogrigio.it\/wp\/wp-json\/wp\/v2\/media?parent=8343"}],"wp:term":[{"taxonomy":"category","embeddable":true,"href":"https:\/\/www.museogrigio.it\/wp\/wp-json\/wp\/v2\/categories?post=8343"},{"taxonomy":"post_tag","embeddable":true,"href":"https:\/\/www.museogrigio.it\/wp\/wp-json\/wp\/v2\/tags?post=8343"}],"curies":[{"name":"wp","href":"https:\/\/api.w.org\/{rel}","templated":true}]}}