{"id":8181,"date":"2016-07-21T17:44:33","date_gmt":"2016-07-21T17:44:33","guid":{"rendered":"http:\/\/www.museogrigio.it\/wp\/?p=8181"},"modified":"2016-07-21T20:31:00","modified_gmt":"2016-07-21T20:31:00","slug":"calciomercato-lidentikit-della-punta-mancante-gonzalez-o-ardemagni","status":"publish","type":"post","link":"https:\/\/www.museogrigio.it\/wp\/calciomercato-lidentikit-della-punta-mancante-gonzalez-o-ardemagni\/","title":{"rendered":"Calciomercato. L&#8217;identikit della punta mancante: Gonzalez o Ardemagni?"},"content":{"rendered":"<p><a href=\"http:\/\/www.museogrigio.it\/wp\/wp-content\/uploads\/2016\/07\/gonzalez-torna-al-novara-9638.jpg\"><img loading=\"lazy\" decoding=\"async\" class=\"alignnone size-full wp-image-8183\" src=\"http:\/\/www.museogrigio.it\/wp\/wp-content\/uploads\/2016\/07\/gonzalez-torna-al-novara-9638.jpg\" alt=\"gonzalez-torna-al-novara-9638\" width=\"636\" height=\"349\" srcset=\"https:\/\/www.museogrigio.it\/wp\/wp-content\/uploads\/2016\/07\/gonzalez-torna-al-novara-9638.jpg 636w, https:\/\/www.museogrigio.it\/wp\/wp-content\/uploads\/2016\/07\/gonzalez-torna-al-novara-9638-300x165.jpg 300w, https:\/\/www.museogrigio.it\/wp\/wp-content\/uploads\/2016\/07\/gonzalez-torna-al-novara-9638-624x342.jpg 624w\" sizes=\"auto, (max-width: 636px) 100vw, 636px\" \/><\/a><\/p>\n<p>&nbsp;<\/p>\n<p>Sembra chiaro che l\u2019<strong>Alessandria<\/strong> stia cercando <strong>una punta importante<\/strong> da affiancare a <strong>Riccardo Bocalon<\/strong> e <strong>Michele Marconi<\/strong>, per completare il terminale offensivo della squadra crociata nella stagione a venire. Nelle ultime ore \u00e8 tornato in auge un profilo importante, quello dell&#8217;argentino <strong>Pablo Andres Gonzalez<\/strong>. Questo ci d\u00e0 delle informazioni sul profilo che stanno cercando i <strong>Grigi:<\/strong> <strong>un attaccante esperto,<\/strong> in grado sia di segnare tanto che di fornire tanti assist, che possa girare intorno alla punta di riferimento, ma anche destreggiarsi in pi\u00f9 ruoli del fronte offensivo. Potremmo fare, dunque, delle<strong> ipotesi<\/strong> sui giocatori che potrebbero interessare all\u2019<strong>Alessandria<\/strong>, che, al netto degli interessamenti per il calciatore menzionato, starebbe guardando alle categorie superiori.<\/p>\n<p><a href=\"http:\/\/www.museogrigio.it\/wp\/wp-content\/uploads\/2016\/07\/nov-cagliari-gol-gonzalez.jpg\"><img loading=\"lazy\" decoding=\"async\" class=\"alignnone size-full wp-image-8184\" src=\"http:\/\/www.museogrigio.it\/wp\/wp-content\/uploads\/2016\/07\/nov-cagliari-gol-gonzalez.jpg\" alt=\"nov-cagliari-gol-gonzalez\" width=\"709\" height=\"446\" srcset=\"https:\/\/www.museogrigio.it\/wp\/wp-content\/uploads\/2016\/07\/nov-cagliari-gol-gonzalez.jpg 709w, https:\/\/www.museogrigio.it\/wp\/wp-content\/uploads\/2016\/07\/nov-cagliari-gol-gonzalez-300x189.jpg 300w, https:\/\/www.museogrigio.it\/wp\/wp-content\/uploads\/2016\/07\/nov-cagliari-gol-gonzalez-624x393.jpg 624w\" sizes=\"auto, (max-width: 709px) 100vw, 709px\" \/><\/a><\/p>\n<p>Per esempio, un altro nome spendibile \u00e8 quello di <strong>Matteo Ardemagn<\/strong>i di propriet\u00e0 dell\u2019<strong>Atalanta,<\/strong> lo scorso anno finito in prestito al <strong>Perugia<\/strong>.<\/p>\n<p>I bene informati dicono &#8211;<a href=\"http:\/\/www.museogrigio.it\/wp\/?p=8158\"> come peraltro da noi gi\u00e0 pubblicato &#8211; <\/a>che il suo agente si sarebbe incontrato con <strong>il presidente Di Masi e il diesse Magalini<\/strong> per un rendez vous informale, poi per\u00f2 era spuntata la <strong>pista-Carpi.<\/strong> E qui ecco il nodo da sciogliere, oggi ancora ingarbugliato, ma <strong>suggeritore di interrogativi e ipotesi<\/strong>. Che potrebbe addirittura rendere possibile l\u2019operazione per <strong>portare Gonzalez a vestire la maglia grigia<\/strong>.<\/p>\n<p><a href=\"http:\/\/www.museogrigio.it\/wp\/wp-content\/uploads\/2016\/07\/Ardemagni-Chievo.jpg\"><img loading=\"lazy\" decoding=\"async\" class=\"alignnone size-full wp-image-8185\" src=\"http:\/\/www.museogrigio.it\/wp\/wp-content\/uploads\/2016\/07\/Ardemagni-Chievo.jpg\" alt=\"Modena - Spezia\" width=\"1400\" height=\"933\" srcset=\"https:\/\/www.museogrigio.it\/wp\/wp-content\/uploads\/2016\/07\/Ardemagni-Chievo.jpg 1400w, https:\/\/www.museogrigio.it\/wp\/wp-content\/uploads\/2016\/07\/Ardemagni-Chievo-300x200.jpg 300w, https:\/\/www.museogrigio.it\/wp\/wp-content\/uploads\/2016\/07\/Ardemagni-Chievo-1024x682.jpg 1024w, https:\/\/www.museogrigio.it\/wp\/wp-content\/uploads\/2016\/07\/Ardemagni-Chievo-624x416.jpg 624w\" sizes=\"auto, (max-width: 1400px) 100vw, 1400px\" \/><\/a><\/p>\n<p>Al momento di sottoscrivere il contratto con il<strong> Carpi, Ardemagni<\/strong> ha stoppato. <strong>Non se ne fa nulla<\/strong>.<\/p>\n<p>Come noto, il capitano del <strong>Novara Felice Evacuo<\/strong> \u00e8 stato ceduto a titolo definitivo al <strong>Parma<\/strong> e il club sar\u00e0 ricompensato con bonus al raggiungimento di alcuni obiettivi: tra questi c\u2019\u00e8 la promozione in B dei giallobl\u00f9. Di certo la <strong>societ\u00e0 azzurra \u2013 come detto dal ds Domenico Teti<\/strong>&#8211; \u00a0acquister\u00e0 una prima punta e l\u2019ultimo nome dei papabili \u00e8 proprio quello di <strong>Ardemagni<\/strong>.<a href=\"http:\/\/www.museogrigio.it\/wp\/wp-content\/uploads\/2016\/07\/Matteo-Ardemagni-Atalanta-BC-v-Reggina-Calcio-MoUNv0LXySAl.jpg\"><img loading=\"lazy\" decoding=\"async\" class=\"  wp-image-8186 alignleft\" src=\"http:\/\/www.museogrigio.it\/wp\/wp-content\/uploads\/2016\/07\/Matteo-Ardemagni-Atalanta-BC-v-Reggina-Calcio-MoUNv0LXySAl.jpg\" alt=\"Matteo+Ardemagni+Atalanta+BC+v+Reggina+Calcio+MoUNv0LXySAl\" width=\"250\" height=\"325\" srcset=\"https:\/\/www.museogrigio.it\/wp\/wp-content\/uploads\/2016\/07\/Matteo-Ardemagni-Atalanta-BC-v-Reggina-Calcio-MoUNv0LXySAl.jpg 457w, https:\/\/www.museogrigio.it\/wp\/wp-content\/uploads\/2016\/07\/Matteo-Ardemagni-Atalanta-BC-v-Reggina-Calcio-MoUNv0LXySAl-231x300.jpg 231w\" sizes=\"auto, (max-width: 250px) 100vw, 250px\" \/><\/a><\/p>\n<p>L\u2019entourage del giocatore ha raccolto l\u2019interesse, <strong>il centravanti \u2013 molto forte di testa<\/strong> &#8211; che lo scorso anno ha giocato nel <strong>Perugia<\/strong> \u00e8 in uscita dall\u2019<strong>Atalanta<\/strong>. Quello del <strong>Novara<\/strong> sarebbe pi\u00f9 di un sondaggio, visto che sarebbe partita \u00a0la trattativa. <strong>Dentro Ardemagni, sarebbe pi\u00f9 facile concretizzare l\u2019uscita proprio di Gonzalez<\/strong>, legato ancora un anno al Novara con un costo di circa un milione e duecentomila euro.<\/p>\n<p>All&#8217;argentino pare che il <strong>presidente dei Grigi Di Masi abbia proposto un triennale,<\/strong> prevedendo che per il primo anno lo stipendio \u2013 nella cifra di cinquecentomila euro \u2013 sia interamente a carico del <strong>Novara,<\/strong> che comunque alla fine della fiera economicamente ci guadagnerebbe. La restante somma, a carico dei <strong>Grigi<\/strong>, verrebbe cos\u00ec spalmata su due anni.<\/p>\n<p><strong>L\u2019Alessandria avrebbe sorpassato il Bari<\/strong> nella volata finale, dopo che era sfumata la prima ipotesi di vedere <strong>Gonzalez al Parma<\/strong> al fianco del suo ex compagno di squadra <strong>Evacuo<\/strong>: la volont\u00e0 del giocatore di non trasferire la propria famiglia dal Nord, potrebbe dunque portare alla decisione di ricominciare una nuova avventura nella vicina <strong>Alessandria in Lega Pro<\/strong>.<\/p>\n<p>Da noi interpellato,<strong> l\u2019addetto stampa del Novara Magretti<\/strong> non ha smentito in maniera categorica l\u2019interessamento dell\u2019<strong>Alessandria<\/strong>, \u00e8 rimasto sul vago e si \u00e8 limitato a dire che per ora il giocatore si sta allenando regolarmente con la squadra.<\/p>\n<p>Ma le sue parole per\u00f2, <strong>lasciano aperta la porta alla possibilit\u00e0 che l&#8217;operazione<\/strong> potrebbe essere ufficializzata nelle prossime ore.<\/p>\n<p>Del resto, l&#8217;identikit ci sembra abbastanza chiaro, e <strong>questa Alessandria ha tutta l&#8217;intenzione<\/strong> di assestare un altro colpo importante l\u00ec davanti.<\/p>\n<p style=\"text-align: right;\"><em><strong>Mario Bocchio<\/strong><\/em><\/p>\n<h1>\u00a0Guarda anche<\/h1>\n<p><a href=\"http:\/\/www.museogrigio.it\/wp\/?p=8158\">Prima amichevole e rumors di mercato: arriver\u00e0 Ardemagni?<\/a><\/p>\n","protected":false},"excerpt":{"rendered":"<p>&nbsp; Sembra chiaro che l\u2019Alessandria stia cercando una punta importante da affiancare a Riccardo Bocalon e Michele Marconi, per completare il terminale offensivo della squadra crociata nella stagione a venire. Nelle ultime ore \u00e8 tornato in auge un profilo importante, quello dell&#8217;argentino Pablo Andres Gonzalez. Questo ci d\u00e0 delle informazioni sul profilo che stanno cercando [&hellip;]<\/p>\n","protected":false},"author":3,"featured_media":0,"comment_status":"closed","ping_status":"closed","sticky":false,"template":"","format":"standard","meta":{"_et_pb_use_builder":"","_et_pb_old_content":"","_et_gb_content_width":"","inline_featured_image":false,"_monsterinsights_skip_tracking":false,"_monsterinsights_sitenote_active":false,"_monsterinsights_sitenote_note":"","_monsterinsights_sitenote_category":0,"footnotes":""},"categories":[16],"tags":[],"class_list":["post-8181","post","type-post","status-publish","format-standard","hentry","category-news"],"yoast_head":"<!-- This site is optimized with the Yoast SEO plugin v26.6 - https:\/\/yoast.com\/wordpress\/plugins\/seo\/ -->\n<title>Calciomercato. L&#039;identikit della punta mancante: Gonzalez o Ardemagni? - Museo Grigio<\/title>\n<meta name=\"robots\" content=\"index, follow, max-snippet:-1, max-image-preview:large, max-video-preview:-1\" \/>\n<link rel=\"canonical\" href=\"https:\/\/www.museogrigio.it\/wp\/calciomercato-lidentikit-della-punta-mancante-gonzalez-o-ardemagni\/\" \/>\n<meta property=\"og:locale\" content=\"it_IT\" \/>\n<meta property=\"og:type\" content=\"article\" \/>\n<meta property=\"og:title\" content=\"Calciomercato. L&#039;identikit della punta mancante: Gonzalez o Ardemagni? - Museo Grigio\" \/>\n<meta property=\"og:description\" content=\"&nbsp; Sembra chiaro che l\u2019Alessandria stia cercando una punta importante da affiancare a Riccardo Bocalon e Michele Marconi, per completare il terminale offensivo della squadra crociata nella stagione a venire. Nelle ultime ore \u00e8 tornato in auge un profilo importante, quello dell&#8217;argentino Pablo Andres Gonzalez. Questo ci d\u00e0 delle informazioni sul profilo che stanno cercando [&hellip;]\" \/>\n<meta property=\"og:url\" content=\"https:\/\/www.museogrigio.it\/wp\/calciomercato-lidentikit-della-punta-mancante-gonzalez-o-ardemagni\/\" \/>\n<meta property=\"og:site_name\" content=\"Museo Grigio\" \/>\n<meta property=\"article:published_time\" content=\"2016-07-21T17:44:33+00:00\" \/>\n<meta property=\"article:modified_time\" content=\"2016-07-21T20:31:00+00:00\" \/>\n<meta property=\"og:image\" content=\"http:\/\/www.museogrigio.it\/wp\/wp-content\/uploads\/2016\/07\/gonzalez-torna-al-novara-9638.jpg\" \/>\n<meta name=\"author\" content=\"mgblogger\" \/>\n<meta name=\"twitter:card\" content=\"summary_large_image\" \/>\n<meta name=\"twitter:label1\" content=\"Scritto da\" \/>\n\t<meta name=\"twitter:data1\" content=\"mgblogger\" \/>\n\t<meta name=\"twitter:label2\" content=\"Tempo di lettura stimato\" \/>\n\t<meta name=\"twitter:data2\" content=\"3 minuti\" \/>\n<script type=\"application\/ld+json\" class=\"yoast-schema-graph\">{\"@context\":\"https:\/\/schema.org\",\"@graph\":[{\"@type\":\"WebPage\",\"@id\":\"https:\/\/www.museogrigio.it\/wp\/calciomercato-lidentikit-della-punta-mancante-gonzalez-o-ardemagni\/\",\"url\":\"https:\/\/www.museogrigio.it\/wp\/calciomercato-lidentikit-della-punta-mancante-gonzalez-o-ardemagni\/\",\"name\":\"Calciomercato. L'identikit della punta mancante: Gonzalez o Ardemagni? - Museo Grigio\",\"isPartOf\":{\"@id\":\"https:\/\/www.museogrigio.it\/wp\/#website\"},\"primaryImageOfPage\":{\"@id\":\"https:\/\/www.museogrigio.it\/wp\/calciomercato-lidentikit-della-punta-mancante-gonzalez-o-ardemagni\/#primaryimage\"},\"image\":{\"@id\":\"https:\/\/www.museogrigio.it\/wp\/calciomercato-lidentikit-della-punta-mancante-gonzalez-o-ardemagni\/#primaryimage\"},\"thumbnailUrl\":\"http:\/\/www.museogrigio.it\/wp\/wp-content\/uploads\/2016\/07\/gonzalez-torna-al-novara-9638.jpg\",\"datePublished\":\"2016-07-21T17:44:33+00:00\",\"dateModified\":\"2016-07-21T20:31:00+00:00\",\"author\":{\"@id\":\"https:\/\/www.museogrigio.it\/wp\/#\/schema\/person\/7ae7f5a79c8f571fd56d74aabb80b3f3\"},\"breadcrumb\":{\"@id\":\"https:\/\/www.museogrigio.it\/wp\/calciomercato-lidentikit-della-punta-mancante-gonzalez-o-ardemagni\/#breadcrumb\"},\"inLanguage\":\"it-IT\",\"potentialAction\":[{\"@type\":\"ReadAction\",\"target\":[\"https:\/\/www.museogrigio.it\/wp\/calciomercato-lidentikit-della-punta-mancante-gonzalez-o-ardemagni\/\"]}]},{\"@type\":\"ImageObject\",\"inLanguage\":\"it-IT\",\"@id\":\"https:\/\/www.museogrigio.it\/wp\/calciomercato-lidentikit-della-punta-mancante-gonzalez-o-ardemagni\/#primaryimage\",\"url\":\"https:\/\/www.museogrigio.it\/wp\/wp-content\/uploads\/2016\/07\/gonzalez-torna-al-novara-9638.jpg\",\"contentUrl\":\"https:\/\/www.museogrigio.it\/wp\/wp-content\/uploads\/2016\/07\/gonzalez-torna-al-novara-9638.jpg\",\"width\":636,\"height\":349},{\"@type\":\"BreadcrumbList\",\"@id\":\"https:\/\/www.museogrigio.it\/wp\/calciomercato-lidentikit-della-punta-mancante-gonzalez-o-ardemagni\/#breadcrumb\",\"itemListElement\":[{\"@type\":\"ListItem\",\"position\":1,\"name\":\"Home\",\"item\":\"https:\/\/www.museogrigio.it\/wp\/\"},{\"@type\":\"ListItem\",\"position\":2,\"name\":\"Calciomercato. L&#8217;identikit della punta mancante: Gonzalez o Ardemagni?\"}]},{\"@type\":\"WebSite\",\"@id\":\"https:\/\/www.museogrigio.it\/wp\/#website\",\"url\":\"https:\/\/www.museogrigio.it\/wp\/\",\"name\":\"Museo Grigio\",\"description\":\"Museo Grigio Blog\",\"potentialAction\":[{\"@type\":\"SearchAction\",\"target\":{\"@type\":\"EntryPoint\",\"urlTemplate\":\"https:\/\/www.museogrigio.it\/wp\/?s={search_term_string}\"},\"query-input\":{\"@type\":\"PropertyValueSpecification\",\"valueRequired\":true,\"valueName\":\"search_term_string\"}}],\"inLanguage\":\"it-IT\"},{\"@type\":\"Person\",\"@id\":\"https:\/\/www.museogrigio.it\/wp\/#\/schema\/person\/7ae7f5a79c8f571fd56d74aabb80b3f3\",\"name\":\"mgblogger\",\"image\":{\"@type\":\"ImageObject\",\"inLanguage\":\"it-IT\",\"@id\":\"https:\/\/www.museogrigio.it\/wp\/#\/schema\/person\/image\/\",\"url\":\"https:\/\/secure.gravatar.com\/avatar\/c01466dbaec6f151089fefd81e4e31df853c7b5c4af467acdacd2bda7e1e497a?s=96&d=mm&r=g\",\"contentUrl\":\"https:\/\/secure.gravatar.com\/avatar\/c01466dbaec6f151089fefd81e4e31df853c7b5c4af467acdacd2bda7e1e497a?s=96&d=mm&r=g\",\"caption\":\"mgblogger\"},\"url\":\"https:\/\/www.museogrigio.it\/wp\/author\/mgblogger\/\"}]}<\/script>\n<!-- \/ Yoast SEO plugin. -->","yoast_head_json":{"title":"Calciomercato. L'identikit della punta mancante: Gonzalez o Ardemagni? - Museo Grigio","robots":{"index":"index","follow":"follow","max-snippet":"max-snippet:-1","max-image-preview":"max-image-preview:large","max-video-preview":"max-video-preview:-1"},"canonical":"https:\/\/www.museogrigio.it\/wp\/calciomercato-lidentikit-della-punta-mancante-gonzalez-o-ardemagni\/","og_locale":"it_IT","og_type":"article","og_title":"Calciomercato. L'identikit della punta mancante: Gonzalez o Ardemagni? - Museo Grigio","og_description":"&nbsp; Sembra chiaro che l\u2019Alessandria stia cercando una punta importante da affiancare a Riccardo Bocalon e Michele Marconi, per completare il terminale offensivo della squadra crociata nella stagione a venire. Nelle ultime ore \u00e8 tornato in auge un profilo importante, quello dell&#8217;argentino Pablo Andres Gonzalez. Questo ci d\u00e0 delle informazioni sul profilo che stanno cercando [&hellip;]","og_url":"https:\/\/www.museogrigio.it\/wp\/calciomercato-lidentikit-della-punta-mancante-gonzalez-o-ardemagni\/","og_site_name":"Museo Grigio","article_published_time":"2016-07-21T17:44:33+00:00","article_modified_time":"2016-07-21T20:31:00+00:00","og_image":[{"url":"http:\/\/www.museogrigio.it\/wp\/wp-content\/uploads\/2016\/07\/gonzalez-torna-al-novara-9638.jpg","type":"","width":"","height":""}],"author":"mgblogger","twitter_card":"summary_large_image","twitter_misc":{"Scritto da":"mgblogger","Tempo di lettura stimato":"3 minuti"},"schema":{"@context":"https:\/\/schema.org","@graph":[{"@type":"WebPage","@id":"https:\/\/www.museogrigio.it\/wp\/calciomercato-lidentikit-della-punta-mancante-gonzalez-o-ardemagni\/","url":"https:\/\/www.museogrigio.it\/wp\/calciomercato-lidentikit-della-punta-mancante-gonzalez-o-ardemagni\/","name":"Calciomercato. L'identikit della punta mancante: Gonzalez o Ardemagni? - Museo Grigio","isPartOf":{"@id":"https:\/\/www.museogrigio.it\/wp\/#website"},"primaryImageOfPage":{"@id":"https:\/\/www.museogrigio.it\/wp\/calciomercato-lidentikit-della-punta-mancante-gonzalez-o-ardemagni\/#primaryimage"},"image":{"@id":"https:\/\/www.museogrigio.it\/wp\/calciomercato-lidentikit-della-punta-mancante-gonzalez-o-ardemagni\/#primaryimage"},"thumbnailUrl":"http:\/\/www.museogrigio.it\/wp\/wp-content\/uploads\/2016\/07\/gonzalez-torna-al-novara-9638.jpg","datePublished":"2016-07-21T17:44:33+00:00","dateModified":"2016-07-21T20:31:00+00:00","author":{"@id":"https:\/\/www.museogrigio.it\/wp\/#\/schema\/person\/7ae7f5a79c8f571fd56d74aabb80b3f3"},"breadcrumb":{"@id":"https:\/\/www.museogrigio.it\/wp\/calciomercato-lidentikit-della-punta-mancante-gonzalez-o-ardemagni\/#breadcrumb"},"inLanguage":"it-IT","potentialAction":[{"@type":"ReadAction","target":["https:\/\/www.museogrigio.it\/wp\/calciomercato-lidentikit-della-punta-mancante-gonzalez-o-ardemagni\/"]}]},{"@type":"ImageObject","inLanguage":"it-IT","@id":"https:\/\/www.museogrigio.it\/wp\/calciomercato-lidentikit-della-punta-mancante-gonzalez-o-ardemagni\/#primaryimage","url":"https:\/\/www.museogrigio.it\/wp\/wp-content\/uploads\/2016\/07\/gonzalez-torna-al-novara-9638.jpg","contentUrl":"https:\/\/www.museogrigio.it\/wp\/wp-content\/uploads\/2016\/07\/gonzalez-torna-al-novara-9638.jpg","width":636,"height":349},{"@type":"BreadcrumbList","@id":"https:\/\/www.museogrigio.it\/wp\/calciomercato-lidentikit-della-punta-mancante-gonzalez-o-ardemagni\/#breadcrumb","itemListElement":[{"@type":"ListItem","position":1,"name":"Home","item":"https:\/\/www.museogrigio.it\/wp\/"},{"@type":"ListItem","position":2,"name":"Calciomercato. L&#8217;identikit della punta mancante: Gonzalez o Ardemagni?"}]},{"@type":"WebSite","@id":"https:\/\/www.museogrigio.it\/wp\/#website","url":"https:\/\/www.museogrigio.it\/wp\/","name":"Museo Grigio","description":"Museo Grigio Blog","potentialAction":[{"@type":"SearchAction","target":{"@type":"EntryPoint","urlTemplate":"https:\/\/www.museogrigio.it\/wp\/?s={search_term_string}"},"query-input":{"@type":"PropertyValueSpecification","valueRequired":true,"valueName":"search_term_string"}}],"inLanguage":"it-IT"},{"@type":"Person","@id":"https:\/\/www.museogrigio.it\/wp\/#\/schema\/person\/7ae7f5a79c8f571fd56d74aabb80b3f3","name":"mgblogger","image":{"@type":"ImageObject","inLanguage":"it-IT","@id":"https:\/\/www.museogrigio.it\/wp\/#\/schema\/person\/image\/","url":"https:\/\/secure.gravatar.com\/avatar\/c01466dbaec6f151089fefd81e4e31df853c7b5c4af467acdacd2bda7e1e497a?s=96&d=mm&r=g","contentUrl":"https:\/\/secure.gravatar.com\/avatar\/c01466dbaec6f151089fefd81e4e31df853c7b5c4af467acdacd2bda7e1e497a?s=96&d=mm&r=g","caption":"mgblogger"},"url":"https:\/\/www.museogrigio.it\/wp\/author\/mgblogger\/"}]}},"_links":{"self":[{"href":"https:\/\/www.museogrigio.it\/wp\/wp-json\/wp\/v2\/posts\/8181","targetHints":{"allow":["GET"]}}],"collection":[{"href":"https:\/\/www.museogrigio.it\/wp\/wp-json\/wp\/v2\/posts"}],"about":[{"href":"https:\/\/www.museogrigio.it\/wp\/wp-json\/wp\/v2\/types\/post"}],"author":[{"embeddable":true,"href":"https:\/\/www.museogrigio.it\/wp\/wp-json\/wp\/v2\/users\/3"}],"replies":[{"embeddable":true,"href":"https:\/\/www.museogrigio.it\/wp\/wp-json\/wp\/v2\/comments?post=8181"}],"version-history":[{"count":4,"href":"https:\/\/www.museogrigio.it\/wp\/wp-json\/wp\/v2\/posts\/8181\/revisions"}],"predecessor-version":[{"id":8189,"href":"https:\/\/www.museogrigio.it\/wp\/wp-json\/wp\/v2\/posts\/8181\/revisions\/8189"}],"wp:attachment":[{"href":"https:\/\/www.museogrigio.it\/wp\/wp-json\/wp\/v2\/media?parent=8181"}],"wp:term":[{"taxonomy":"category","embeddable":true,"href":"https:\/\/www.museogrigio.it\/wp\/wp-json\/wp\/v2\/categories?post=8181"},{"taxonomy":"post_tag","embeddable":true,"href":"https:\/\/www.museogrigio.it\/wp\/wp-json\/wp\/v2\/tags?post=8181"}],"curies":[{"name":"wp","href":"https:\/\/api.w.org\/{rel}","templated":true}]}}