{"id":8112,"date":"2016-07-16T07:50:27","date_gmt":"2016-07-16T07:50:27","guid":{"rendered":"http:\/\/www.museogrigio.it\/wp\/?p=8112"},"modified":"2016-07-16T11:41:05","modified_gmt":"2016-07-16T11:41:05","slug":"per-lorso-grigio-e-scattata-lora-x","status":"publish","type":"post","link":"https:\/\/www.museogrigio.it\/wp\/per-lorso-grigio-e-scattata-lora-x\/","title":{"rendered":"Per l&#8217;Orso Grigio \u00e8 scattata l&#8217;ora X"},"content":{"rendered":"<p><a href=\"http:\/\/www.museogrigio.it\/wp\/wp-content\/uploads\/2016\/07\/DSC_1453.jpg\"><img loading=\"lazy\" decoding=\"async\" class=\"alignnone size-full wp-image-8113\" src=\"http:\/\/www.museogrigio.it\/wp\/wp-content\/uploads\/2016\/07\/DSC_1453.jpg\" alt=\"DSC_1453\" width=\"3104\" height=\"1746\" srcset=\"https:\/\/www.museogrigio.it\/wp\/wp-content\/uploads\/2016\/07\/DSC_1453.jpg 3104w, https:\/\/www.museogrigio.it\/wp\/wp-content\/uploads\/2016\/07\/DSC_1453-300x169.jpg 300w, https:\/\/www.museogrigio.it\/wp\/wp-content\/uploads\/2016\/07\/DSC_1453-1024x576.jpg 1024w, https:\/\/www.museogrigio.it\/wp\/wp-content\/uploads\/2016\/07\/DSC_1453-624x351.jpg 624w\" sizes=\"auto, (max-width: 3104px) 100vw, 3104px\" \/><\/a><\/p>\n<p>&nbsp;<\/p>\n<p><strong>I Grigi<\/strong> sono partiti questa mattina per il ritiro di <strong>Bardonecchia<\/strong>, dove resteranno fino alla vigilia della prima gara ufficiale del 31, con l\u2019esordio <strong>in TimCup<\/strong>.<\/p>\n<p>Come riportato nel comunicato della societ\u00e0, <strong>sono 24 i giocatori agli ordini di Mister Braglia: La Gorga, Vannucchi, Celjak, Sosa, Fissore, Piccolo, Manfrin, Barlocco, Mezavilla, Cazzola, Nicco, Branca, Fischnaller, Marras, Iocolano, Marconi e Bocalon<\/strong>.<\/p>\n<p>In attesa di concludere altre operazioni di mercato, al \u00a0gruppo <strong>sono aggregati anche otto calciatori provenienti dal settore giovanile e precisamente Bertoglio (99), Cottarelli (98), Gjura (99), Celussi (98), Spriano (98), Ramello (2000), La Fauci (99) e M\u2019Hamsi (99)<\/strong>.<\/p>\n<p>Con il tecnico grigio c\u2019\u00e8 ovviamente anche <strong>il suo staff<\/strong>, composto dall\u2019allenatore in seconda <strong>Mauro Isetto<\/strong>, il preparatore atletico <strong>Mirco Spedicato<\/strong>, il preparatore dei portieri <strong>Andrea Servili<\/strong>, il responsabile dell\u2019area sanitaria, <strong>Marco Salvucci<\/strong>, i fisioterapisti <strong>Giuseppe Ciclista<\/strong> e <strong>Jacopo Capocchiano<\/strong> e il team manager <strong>Filippo Giordanengo<\/strong>.<\/p>\n<p>Si legge nel comunicato: <em>\u201cI giocatori lavoreranno gi\u00e0 nel pomeriggio di sabato sul campo comunale di Bardonecchia, eseguendo esercitazioni tecnico-tattico e lavoro aerobico, mentre domenica si trasferiranno nell\u2019apposita palestra a loro riservata. Fino alla prima uscita, prevista per marted\u00ec 19 alle ore 17, contro una selezione locale, il gruppo effettuer\u00e0 doppie sedute quotidiane, il cui orario potrebbe variare a seconda delle necessit\u00e0 che potrebbero manifestarsi, esigenze che potrebbero orientare la scelta verso sedute a porte chiuse\u201d<\/em>.<\/p>\n<p>Sul fronte del <strong>calciomercato,<\/strong> il <strong>Como<\/strong> ha ingaggiato, in prestito dal <strong>Carpi<\/strong>, il difensore di fascia sinistra<strong> Nicol\u00f2 Sperotto<\/strong>. Nell\u2019ultima annata aveva diviso le proprie prestazioni tra <strong>Arezzo<\/strong> e, da gennaio, <strong>Alessandria<\/strong> con cui ha raggiunto i playoff, e che non ha per\u00f2 esercitato l\u2019opzione del riscatto.<\/p>\n<p style=\"text-align: right;\"><em><strong>Mario Bocchio<\/strong><\/em><\/p>\n<h1 style=\"text-align: left;\">Articoli correlati<\/h1>\n<p><a href=\"http:\/\/www.museogrigio.it\/wp\/?p=8099\">Grigi: il raduno, i primi allenamenti e poi in ritiro a Bardonecchia<\/a><\/p>\n","protected":false},"excerpt":{"rendered":"<p>&nbsp; I Grigi sono partiti questa mattina per il ritiro di Bardonecchia, dove resteranno fino alla vigilia della prima gara ufficiale del 31, con l\u2019esordio in TimCup. Come riportato nel comunicato della societ\u00e0, sono 24 i giocatori agli ordini di Mister Braglia: La Gorga, Vannucchi, Celjak, Sosa, Fissore, Piccolo, Manfrin, Barlocco, Mezavilla, Cazzola, Nicco, Branca, [&hellip;]<\/p>\n","protected":false},"author":3,"featured_media":0,"comment_status":"closed","ping_status":"closed","sticky":false,"template":"","format":"standard","meta":{"_et_pb_use_builder":"","_et_pb_old_content":"","_et_gb_content_width":"","inline_featured_image":false,"_monsterinsights_skip_tracking":false,"_monsterinsights_sitenote_active":false,"_monsterinsights_sitenote_note":"","_monsterinsights_sitenote_category":0,"footnotes":""},"categories":[16],"tags":[],"class_list":["post-8112","post","type-post","status-publish","format-standard","hentry","category-news"],"yoast_head":"<!-- This site is optimized with the Yoast SEO plugin v26.6 - https:\/\/yoast.com\/wordpress\/plugins\/seo\/ -->\n<title>Per l&#039;Orso Grigio \u00e8 scattata l&#039;ora X - Museo Grigio<\/title>\n<meta name=\"robots\" content=\"index, follow, max-snippet:-1, max-image-preview:large, max-video-preview:-1\" \/>\n<link rel=\"canonical\" href=\"https:\/\/www.museogrigio.it\/wp\/per-lorso-grigio-e-scattata-lora-x\/\" \/>\n<meta property=\"og:locale\" content=\"it_IT\" \/>\n<meta property=\"og:type\" content=\"article\" \/>\n<meta property=\"og:title\" content=\"Per l&#039;Orso Grigio \u00e8 scattata l&#039;ora X - Museo Grigio\" \/>\n<meta property=\"og:description\" content=\"&nbsp; I Grigi sono partiti questa mattina per il ritiro di Bardonecchia, dove resteranno fino alla vigilia della prima gara ufficiale del 31, con l\u2019esordio in TimCup. Come riportato nel comunicato della societ\u00e0, sono 24 i giocatori agli ordini di Mister Braglia: La Gorga, Vannucchi, Celjak, Sosa, Fissore, Piccolo, Manfrin, Barlocco, Mezavilla, Cazzola, Nicco, Branca, [&hellip;]\" \/>\n<meta property=\"og:url\" content=\"https:\/\/www.museogrigio.it\/wp\/per-lorso-grigio-e-scattata-lora-x\/\" \/>\n<meta property=\"og:site_name\" content=\"Museo Grigio\" \/>\n<meta property=\"article:published_time\" content=\"2016-07-16T07:50:27+00:00\" \/>\n<meta property=\"article:modified_time\" content=\"2016-07-16T11:41:05+00:00\" \/>\n<meta property=\"og:image\" content=\"http:\/\/www.museogrigio.it\/wp\/wp-content\/uploads\/2016\/07\/DSC_1453.jpg\" \/>\n<meta name=\"author\" content=\"mgblogger\" \/>\n<meta name=\"twitter:card\" content=\"summary_large_image\" \/>\n<meta name=\"twitter:label1\" content=\"Scritto da\" \/>\n\t<meta name=\"twitter:data1\" content=\"mgblogger\" \/>\n\t<meta name=\"twitter:label2\" content=\"Tempo di lettura stimato\" \/>\n\t<meta name=\"twitter:data2\" content=\"1 minuto\" \/>\n<script type=\"application\/ld+json\" class=\"yoast-schema-graph\">{\"@context\":\"https:\/\/schema.org\",\"@graph\":[{\"@type\":\"WebPage\",\"@id\":\"https:\/\/www.museogrigio.it\/wp\/per-lorso-grigio-e-scattata-lora-x\/\",\"url\":\"https:\/\/www.museogrigio.it\/wp\/per-lorso-grigio-e-scattata-lora-x\/\",\"name\":\"Per l'Orso Grigio \u00e8 scattata l'ora X - Museo Grigio\",\"isPartOf\":{\"@id\":\"https:\/\/www.museogrigio.it\/wp\/#website\"},\"primaryImageOfPage\":{\"@id\":\"https:\/\/www.museogrigio.it\/wp\/per-lorso-grigio-e-scattata-lora-x\/#primaryimage\"},\"image\":{\"@id\":\"https:\/\/www.museogrigio.it\/wp\/per-lorso-grigio-e-scattata-lora-x\/#primaryimage\"},\"thumbnailUrl\":\"http:\/\/www.museogrigio.it\/wp\/wp-content\/uploads\/2016\/07\/DSC_1453.jpg\",\"datePublished\":\"2016-07-16T07:50:27+00:00\",\"dateModified\":\"2016-07-16T11:41:05+00:00\",\"author\":{\"@id\":\"https:\/\/www.museogrigio.it\/wp\/#\/schema\/person\/7ae7f5a79c8f571fd56d74aabb80b3f3\"},\"breadcrumb\":{\"@id\":\"https:\/\/www.museogrigio.it\/wp\/per-lorso-grigio-e-scattata-lora-x\/#breadcrumb\"},\"inLanguage\":\"it-IT\",\"potentialAction\":[{\"@type\":\"ReadAction\",\"target\":[\"https:\/\/www.museogrigio.it\/wp\/per-lorso-grigio-e-scattata-lora-x\/\"]}]},{\"@type\":\"ImageObject\",\"inLanguage\":\"it-IT\",\"@id\":\"https:\/\/www.museogrigio.it\/wp\/per-lorso-grigio-e-scattata-lora-x\/#primaryimage\",\"url\":\"https:\/\/www.museogrigio.it\/wp\/wp-content\/uploads\/2016\/07\/DSC_1453.jpg\",\"contentUrl\":\"https:\/\/www.museogrigio.it\/wp\/wp-content\/uploads\/2016\/07\/DSC_1453.jpg\",\"width\":3104,\"height\":1746},{\"@type\":\"BreadcrumbList\",\"@id\":\"https:\/\/www.museogrigio.it\/wp\/per-lorso-grigio-e-scattata-lora-x\/#breadcrumb\",\"itemListElement\":[{\"@type\":\"ListItem\",\"position\":1,\"name\":\"Home\",\"item\":\"https:\/\/www.museogrigio.it\/wp\/\"},{\"@type\":\"ListItem\",\"position\":2,\"name\":\"Per l&#8217;Orso Grigio \u00e8 scattata l&#8217;ora X\"}]},{\"@type\":\"WebSite\",\"@id\":\"https:\/\/www.museogrigio.it\/wp\/#website\",\"url\":\"https:\/\/www.museogrigio.it\/wp\/\",\"name\":\"Museo Grigio\",\"description\":\"Museo Grigio Blog\",\"potentialAction\":[{\"@type\":\"SearchAction\",\"target\":{\"@type\":\"EntryPoint\",\"urlTemplate\":\"https:\/\/www.museogrigio.it\/wp\/?s={search_term_string}\"},\"query-input\":{\"@type\":\"PropertyValueSpecification\",\"valueRequired\":true,\"valueName\":\"search_term_string\"}}],\"inLanguage\":\"it-IT\"},{\"@type\":\"Person\",\"@id\":\"https:\/\/www.museogrigio.it\/wp\/#\/schema\/person\/7ae7f5a79c8f571fd56d74aabb80b3f3\",\"name\":\"mgblogger\",\"image\":{\"@type\":\"ImageObject\",\"inLanguage\":\"it-IT\",\"@id\":\"https:\/\/www.museogrigio.it\/wp\/#\/schema\/person\/image\/\",\"url\":\"https:\/\/secure.gravatar.com\/avatar\/c01466dbaec6f151089fefd81e4e31df853c7b5c4af467acdacd2bda7e1e497a?s=96&d=mm&r=g\",\"contentUrl\":\"https:\/\/secure.gravatar.com\/avatar\/c01466dbaec6f151089fefd81e4e31df853c7b5c4af467acdacd2bda7e1e497a?s=96&d=mm&r=g\",\"caption\":\"mgblogger\"},\"url\":\"https:\/\/www.museogrigio.it\/wp\/author\/mgblogger\/\"}]}<\/script>\n<!-- \/ Yoast SEO plugin. -->","yoast_head_json":{"title":"Per l'Orso Grigio \u00e8 scattata l'ora X - Museo Grigio","robots":{"index":"index","follow":"follow","max-snippet":"max-snippet:-1","max-image-preview":"max-image-preview:large","max-video-preview":"max-video-preview:-1"},"canonical":"https:\/\/www.museogrigio.it\/wp\/per-lorso-grigio-e-scattata-lora-x\/","og_locale":"it_IT","og_type":"article","og_title":"Per l'Orso Grigio \u00e8 scattata l'ora X - Museo Grigio","og_description":"&nbsp; I Grigi sono partiti questa mattina per il ritiro di Bardonecchia, dove resteranno fino alla vigilia della prima gara ufficiale del 31, con l\u2019esordio in TimCup. Come riportato nel comunicato della societ\u00e0, sono 24 i giocatori agli ordini di Mister Braglia: La Gorga, Vannucchi, Celjak, Sosa, Fissore, Piccolo, Manfrin, Barlocco, Mezavilla, Cazzola, Nicco, Branca, [&hellip;]","og_url":"https:\/\/www.museogrigio.it\/wp\/per-lorso-grigio-e-scattata-lora-x\/","og_site_name":"Museo Grigio","article_published_time":"2016-07-16T07:50:27+00:00","article_modified_time":"2016-07-16T11:41:05+00:00","og_image":[{"url":"http:\/\/www.museogrigio.it\/wp\/wp-content\/uploads\/2016\/07\/DSC_1453.jpg","type":"","width":"","height":""}],"author":"mgblogger","twitter_card":"summary_large_image","twitter_misc":{"Scritto da":"mgblogger","Tempo di lettura stimato":"1 minuto"},"schema":{"@context":"https:\/\/schema.org","@graph":[{"@type":"WebPage","@id":"https:\/\/www.museogrigio.it\/wp\/per-lorso-grigio-e-scattata-lora-x\/","url":"https:\/\/www.museogrigio.it\/wp\/per-lorso-grigio-e-scattata-lora-x\/","name":"Per l'Orso Grigio \u00e8 scattata l'ora X - Museo Grigio","isPartOf":{"@id":"https:\/\/www.museogrigio.it\/wp\/#website"},"primaryImageOfPage":{"@id":"https:\/\/www.museogrigio.it\/wp\/per-lorso-grigio-e-scattata-lora-x\/#primaryimage"},"image":{"@id":"https:\/\/www.museogrigio.it\/wp\/per-lorso-grigio-e-scattata-lora-x\/#primaryimage"},"thumbnailUrl":"http:\/\/www.museogrigio.it\/wp\/wp-content\/uploads\/2016\/07\/DSC_1453.jpg","datePublished":"2016-07-16T07:50:27+00:00","dateModified":"2016-07-16T11:41:05+00:00","author":{"@id":"https:\/\/www.museogrigio.it\/wp\/#\/schema\/person\/7ae7f5a79c8f571fd56d74aabb80b3f3"},"breadcrumb":{"@id":"https:\/\/www.museogrigio.it\/wp\/per-lorso-grigio-e-scattata-lora-x\/#breadcrumb"},"inLanguage":"it-IT","potentialAction":[{"@type":"ReadAction","target":["https:\/\/www.museogrigio.it\/wp\/per-lorso-grigio-e-scattata-lora-x\/"]}]},{"@type":"ImageObject","inLanguage":"it-IT","@id":"https:\/\/www.museogrigio.it\/wp\/per-lorso-grigio-e-scattata-lora-x\/#primaryimage","url":"https:\/\/www.museogrigio.it\/wp\/wp-content\/uploads\/2016\/07\/DSC_1453.jpg","contentUrl":"https:\/\/www.museogrigio.it\/wp\/wp-content\/uploads\/2016\/07\/DSC_1453.jpg","width":3104,"height":1746},{"@type":"BreadcrumbList","@id":"https:\/\/www.museogrigio.it\/wp\/per-lorso-grigio-e-scattata-lora-x\/#breadcrumb","itemListElement":[{"@type":"ListItem","position":1,"name":"Home","item":"https:\/\/www.museogrigio.it\/wp\/"},{"@type":"ListItem","position":2,"name":"Per l&#8217;Orso Grigio \u00e8 scattata l&#8217;ora X"}]},{"@type":"WebSite","@id":"https:\/\/www.museogrigio.it\/wp\/#website","url":"https:\/\/www.museogrigio.it\/wp\/","name":"Museo Grigio","description":"Museo Grigio Blog","potentialAction":[{"@type":"SearchAction","target":{"@type":"EntryPoint","urlTemplate":"https:\/\/www.museogrigio.it\/wp\/?s={search_term_string}"},"query-input":{"@type":"PropertyValueSpecification","valueRequired":true,"valueName":"search_term_string"}}],"inLanguage":"it-IT"},{"@type":"Person","@id":"https:\/\/www.museogrigio.it\/wp\/#\/schema\/person\/7ae7f5a79c8f571fd56d74aabb80b3f3","name":"mgblogger","image":{"@type":"ImageObject","inLanguage":"it-IT","@id":"https:\/\/www.museogrigio.it\/wp\/#\/schema\/person\/image\/","url":"https:\/\/secure.gravatar.com\/avatar\/c01466dbaec6f151089fefd81e4e31df853c7b5c4af467acdacd2bda7e1e497a?s=96&d=mm&r=g","contentUrl":"https:\/\/secure.gravatar.com\/avatar\/c01466dbaec6f151089fefd81e4e31df853c7b5c4af467acdacd2bda7e1e497a?s=96&d=mm&r=g","caption":"mgblogger"},"url":"https:\/\/www.museogrigio.it\/wp\/author\/mgblogger\/"}]}},"_links":{"self":[{"href":"https:\/\/www.museogrigio.it\/wp\/wp-json\/wp\/v2\/posts\/8112","targetHints":{"allow":["GET"]}}],"collection":[{"href":"https:\/\/www.museogrigio.it\/wp\/wp-json\/wp\/v2\/posts"}],"about":[{"href":"https:\/\/www.museogrigio.it\/wp\/wp-json\/wp\/v2\/types\/post"}],"author":[{"embeddable":true,"href":"https:\/\/www.museogrigio.it\/wp\/wp-json\/wp\/v2\/users\/3"}],"replies":[{"embeddable":true,"href":"https:\/\/www.museogrigio.it\/wp\/wp-json\/wp\/v2\/comments?post=8112"}],"version-history":[{"count":5,"href":"https:\/\/www.museogrigio.it\/wp\/wp-json\/wp\/v2\/posts\/8112\/revisions"}],"predecessor-version":[{"id":8118,"href":"https:\/\/www.museogrigio.it\/wp\/wp-json\/wp\/v2\/posts\/8112\/revisions\/8118"}],"wp:attachment":[{"href":"https:\/\/www.museogrigio.it\/wp\/wp-json\/wp\/v2\/media?parent=8112"}],"wp:term":[{"taxonomy":"category","embeddable":true,"href":"https:\/\/www.museogrigio.it\/wp\/wp-json\/wp\/v2\/categories?post=8112"},{"taxonomy":"post_tag","embeddable":true,"href":"https:\/\/www.museogrigio.it\/wp\/wp-json\/wp\/v2\/tags?post=8112"}],"curies":[{"name":"wp","href":"https:\/\/api.w.org\/{rel}","templated":true}]}}