{"id":729,"date":"2014-11-09T09:48:39","date_gmt":"2014-11-09T09:48:39","guid":{"rendered":"http:\/\/www.museogrigio.it\/wp\/?p=729"},"modified":"2015-08-01T22:13:00","modified_gmt":"2015-08-01T22:13:00","slug":"i-grigi-ritornano-in-continente-con-il-2-0-a-proprio-favore","status":"publish","type":"post","link":"https:\/\/www.museogrigio.it\/wp\/i-grigi-ritornano-in-continente-con-il-2-0-a-proprio-favore\/","title":{"rendered":"I Grigi ritornano \u201cin continente\u201d con il 2-0 a proprio favore"},"content":{"rendered":"<p><a href=\"http:\/\/www.museogrigio.it\/wp\/wp-content\/uploads\/2014\/11\/Torres-Alessandria-7.jpg\"><img loading=\"lazy\" decoding=\"async\" class=\"alignnone size-full wp-image-731\" src=\"http:\/\/www.museogrigio.it\/wp\/wp-content\/uploads\/2014\/11\/Torres-Alessandria-7.jpg\" alt=\"Torres-Alessandria (7)\" width=\"960\" height=\"638\" srcset=\"https:\/\/www.museogrigio.it\/wp\/wp-content\/uploads\/2014\/11\/Torres-Alessandria-7.jpg 960w, https:\/\/www.museogrigio.it\/wp\/wp-content\/uploads\/2014\/11\/Torres-Alessandria-7-300x199.jpg 300w, https:\/\/www.museogrigio.it\/wp\/wp-content\/uploads\/2014\/11\/Torres-Alessandria-7-624x414.jpg 624w\" sizes=\"auto, (max-width: 960px) 100vw, 960px\" \/><\/a><\/p>\n<p>Il presidente della <strong>Torres Domenico Capitani<\/strong>:<em> &#8220;Abbiamo perso contro una grande squadra, una delle favorite del campionato\u201d<\/em>. Partiamo cos\u00ec dalla fine, dalla conferenza stampa, per spiegare il film del match <strong>Torres-Alessandria 0-2<\/strong>. Dopo la brutta sconfitta contro l\u2019<strong>Albinoleffe<\/strong> due settimane fa il tecnico<strong> Luca D\u2019Angelo<\/strong> era nel mirino della critica. Con <strong>tre vittorie consecutive<\/strong> (due in campionato ed una in Coppa Italia), i <strong>Grig<\/strong>i hanno cos\u00ec riproposto con forza le proprie ambizioni, proprio le stesse a cui faceva cenno il patr\u00f2n dei sardi.<\/p>\n<p><a href=\"http:\/\/www.museogrigio.it\/wp\/wp-content\/uploads\/2014\/11\/Torres-Alessandria-5.jpg\"><img loading=\"lazy\" decoding=\"async\" class=\"alignnone size-full wp-image-732\" src=\"http:\/\/www.museogrigio.it\/wp\/wp-content\/uploads\/2014\/11\/Torres-Alessandria-5.jpg\" alt=\"Torres-Alessandria (5)\" width=\"960\" height=\"638\" srcset=\"https:\/\/www.museogrigio.it\/wp\/wp-content\/uploads\/2014\/11\/Torres-Alessandria-5.jpg 960w, https:\/\/www.museogrigio.it\/wp\/wp-content\/uploads\/2014\/11\/Torres-Alessandria-5-300x199.jpg 300w, https:\/\/www.museogrigio.it\/wp\/wp-content\/uploads\/2014\/11\/Torres-Alessandria-5-624x414.jpg 624w\" sizes=\"auto, (max-width: 960px) 100vw, 960px\" \/><\/a><\/p>\n<p>Gi\u00e0 nel primo tempo la partita \u00e8 stata tutta in salita per la formazione rossobl\u00f9, finita sotto di due gol. L&#8217;<strong>Alessandria<\/strong> ha segnato al 12&#8242; con<strong> Taddei<\/strong> e al 30&#8242; con <strong>Mezavilla<\/strong>. Sassaresi sfortunati al 44&#8242;: <strong>Maiorino<\/strong> ha colpito la traversa. <strong>Mister D&#8217;Angelo<\/strong> ha mandato in campo dal primo minuto <strong>Luigi Scotto<\/strong>, sassarese di nascita due estati fa in procinto di trasferirsi proprio alla <strong>Torres<\/strong> ma poi acquistato dai <strong>Grigi<\/strong>. <strong>Taddei<\/strong> a supporto di <strong>Marconi<\/strong> e <strong>Scotto<\/strong>, sulle fasce <strong>Vitofrancesco<\/strong> e <strong>Mora<\/strong>, al centro <strong>Obodo<\/strong> e <strong>Mezavilla<\/strong>. In difesa <strong>Sosa-Sirri-Sabato<\/strong>, i soli tre di ruolo a disposizione. Oltre a <strong>Taddei<\/strong>, ormai una costante fissa in positivo, nella trasferta in <strong>Sardegna<\/strong> ha bene impressionato<strong> Mezavilla<\/strong>, che ha giocato con grande sostanza e senza sbavature.<\/p>\n<p><a href=\"http:\/\/www.museogrigio.it\/wp\/wp-content\/uploads\/2014\/11\/Torres-Alessandria-18.jpg\"><img loading=\"lazy\" decoding=\"async\" class=\"alignnone size-full wp-image-733\" src=\"http:\/\/www.museogrigio.it\/wp\/wp-content\/uploads\/2014\/11\/Torres-Alessandria-18.jpg\" alt=\"Torres-Alessandria (18)\" width=\"960\" height=\"638\" srcset=\"https:\/\/www.museogrigio.it\/wp\/wp-content\/uploads\/2014\/11\/Torres-Alessandria-18.jpg 960w, https:\/\/www.museogrigio.it\/wp\/wp-content\/uploads\/2014\/11\/Torres-Alessandria-18-300x199.jpg 300w, https:\/\/www.museogrigio.it\/wp\/wp-content\/uploads\/2014\/11\/Torres-Alessandria-18-624x414.jpg 624w\" sizes=\"auto, (max-width: 960px) 100vw, 960px\" \/><\/a><\/p>\n<p><strong>La cronaca delle reti<\/strong><\/p>\n<p>Al 12\u2032 <strong>Alessandria<\/strong> in vantaggio: <strong>Obodo<\/strong> apre sulla destra per <strong>Taddei<\/strong>, il quale a pochi passi dall\u2019area di rigore incrocia di destro sul palo pi\u00f9 lontano per l\u20191-0.<\/p>\n<p>Al 30\u2032 raddoppio dell\u2019<strong>Alessandria<\/strong>: calcio d\u2019angolo di<strong> Vitofrancesco<\/strong> per la testa di <strong>Mezavilla<\/strong> e centro del 2-0.<\/p>\n<p><a href=\"http:\/\/www.museogrigio.it\/wp\/wp-content\/uploads\/2014\/11\/Torres-Alessandria-15.jpg\"><img loading=\"lazy\" decoding=\"async\" class=\"alignnone size-full wp-image-734\" src=\"http:\/\/www.museogrigio.it\/wp\/wp-content\/uploads\/2014\/11\/Torres-Alessandria-15.jpg\" alt=\"Torres-Alessandria (15)\" width=\"960\" height=\"638\" srcset=\"https:\/\/www.museogrigio.it\/wp\/wp-content\/uploads\/2014\/11\/Torres-Alessandria-15.jpg 960w, https:\/\/www.museogrigio.it\/wp\/wp-content\/uploads\/2014\/11\/Torres-Alessandria-15-300x199.jpg 300w, https:\/\/www.museogrigio.it\/wp\/wp-content\/uploads\/2014\/11\/Torres-Alessandria-15-624x414.jpg 624w\" sizes=\"auto, (max-width: 960px) 100vw, 960px\" \/><\/a><\/p>\n<p>Questa l\u2019analisi della partita di<strong> Mister Costantino<\/strong>, tecnico della <strong>Torres<\/strong>: <em>&#8220;Nel primo tempo non siamo stati all\u2019altezza, stranamente abbiamo avuto un approccio iniziale sbagliato. Nel momento in cui \u00e8 rientrato <strong>Migliaccio<\/strong> dall\u2019infortunio non eravamo disposti bene in campo e siamo stati puniti dall\u2019iniziativa di <strong>Taddei<\/strong>. Un primo tempo di difficolt\u00e0, serviva un gol, un episodio o l\u2019intervallo per cambiare atteggiamento e cos\u00ec \u00e8 stato. Siamo rientrati dagli spogliatoi pi\u00f9 carichi. Nel secondo tempo abbiamo creato diverse occasioni ma non siamo stati fortunati. Il calcio \u00e8 uno sport di situazione e oggi siamo stati puniti&#8221;<\/em>.<\/p>\n<p><a href=\"http:\/\/www.museogrigio.it\/wp\/wp-content\/uploads\/2014\/11\/Torres-Alessandria-2.jpg\"><img loading=\"lazy\" decoding=\"async\" class=\"alignnone size-full wp-image-735\" src=\"http:\/\/www.museogrigio.it\/wp\/wp-content\/uploads\/2014\/11\/Torres-Alessandria-2.jpg\" alt=\"Torres-Alessandria (2)\" width=\"960\" height=\"638\" srcset=\"https:\/\/www.museogrigio.it\/wp\/wp-content\/uploads\/2014\/11\/Torres-Alessandria-2.jpg 960w, https:\/\/www.museogrigio.it\/wp\/wp-content\/uploads\/2014\/11\/Torres-Alessandria-2-300x199.jpg 300w, https:\/\/www.museogrigio.it\/wp\/wp-content\/uploads\/2014\/11\/Torres-Alessandria-2-624x414.jpg 624w\" sizes=\"auto, (max-width: 960px) 100vw, 960px\" \/><\/a><\/p>\n<p>La parola al <strong>presidente dei Grigi Luca Di Masi<\/strong>: <em>\u201cGrandi ragazzi! Atteggiamento perfetto per una trasferta molto insidiosa. Abbiamo reso semplice una partita molto impegnativa. Prima di tutto con la tecnica, poi con<strong> aggressivit\u00e0, carattere e grinta<\/strong> che ci deve sempre contraddistinguere. E bravo il Mister, ha lavorato intensamente studiando l&#8217;avversario nei minimi particolari e proponendo solidit\u00e0 e velocit\u00e0. Non possiamo mai prescindere da un&#8217;intensit\u00e0 come quella di oggi. Non sar\u00e0 facile tenerla sempre per tutte le partite ma oggi c&#8217;\u00e8 stata una grande prova anche fisica. E grazie naturalmente ai <strong>nostri \u2018prodi\u2019 tifosi<\/strong> sbarcati sull&#8217;isola. Si sono meritati una ricompensa degna come questa vittoria\u201d<\/em>.<\/p>\n<p style=\"text-align: right;\"><strong><em>Mario Bocchio<\/em><\/strong><\/p>\n<p style=\"text-align: left;\"><a href=\"http:\/\/www.museogrigio.it\/wp\/wp-content\/uploads\/2014\/11\/Torres-Alessandria-17.jpg\"><img loading=\"lazy\" decoding=\"async\" class=\"alignnone size-full wp-image-737\" src=\"http:\/\/www.museogrigio.it\/wp\/wp-content\/uploads\/2014\/11\/Torres-Alessandria-17.jpg\" alt=\"Torres-Alessandria (17)\" width=\"960\" height=\"638\" srcset=\"https:\/\/www.museogrigio.it\/wp\/wp-content\/uploads\/2014\/11\/Torres-Alessandria-17.jpg 960w, https:\/\/www.museogrigio.it\/wp\/wp-content\/uploads\/2014\/11\/Torres-Alessandria-17-300x199.jpg 300w, https:\/\/www.museogrigio.it\/wp\/wp-content\/uploads\/2014\/11\/Torres-Alessandria-17-624x414.jpg 624w\" sizes=\"auto, (max-width: 960px) 100vw, 960px\" \/><\/a><\/p>\n<p><strong>IL TABELLINO &#8211; Torres:<\/strong> Testa, Aya (dal 61\u2032 Balistreri), Imparato, Giuffrida, Marchetti, Migliaccio (C), Foglia (dall\u201985\u2019 Funari), Pizza (dal 79\u2032 Lisai), Infantino, Baraye, Maiorino. A disposizione: Costantino, Cafiero, Funari, Lisai, Pizzutelli, Santaniello, Balistrieri. All. Massimo Francesco Costantino.<\/p>\n<p><strong>Alessandria:<\/strong> Nordi, Sosa, Sabato, Sirri, Mezavilla, Mora, Vitofrancesco (dall\u201980\u2019 Valentini) , Obodo, Marconi, Scotto (dall\u201983\u2019 Rantier), Marconi, Taddei (C, dal 61\u2032 Spighi). A disposizione: Poluzzi, Cavalli, Valentini, Spighi, Rantier, Guazzo, Nicolao. All. Luca D\u2019Angelo.<\/p>\n<p><strong>Arbitro:<\/strong> Paolo Formato di Benevento.<\/p>\n<p><strong>Reti:<\/strong> 12\u2032 Taddei (A), 30\u2032 Mezavilla (A).<\/p>\n<p><strong>Ammoniti:<\/strong> 38\u2032 Sirri (A), 47\u2032 Sabato (A), 68\u2032 Maiorino (T), 75\u2032 Spighi (A), 90\u2032 Obodo (A), 90\u2032 Funari (T).<\/p>\n<p><strong>Calci d\u2019angolo<\/strong>: 4-4.<\/p>\n<p><strong>Recupero:<\/strong> 2 minuti nel primo tempo; 3 minuti nel secondo tempo.<\/p>\n<p><a href=\"http:\/\/www.datasport.it\/calcio\/2014-2015\/lega-pro\/girone-a\/classifica.htm?idediz=15520&amp;giornata=12\">Tutti i risultati, la classifica e il calendario del girone A della Lega Pro: cliccare qui<\/a><\/p>\n<p><em>Le fotografie sono tratte dal profilo Facebook dell&#8217;Alessandria Calcio.<br \/>\n<\/em><\/p>\n<p>&nbsp;<\/p>\n<p>&nbsp;<\/p>\n","protected":false},"excerpt":{"rendered":"<p>Il presidente della Torres Domenico Capitani: &#8220;Abbiamo perso contro una grande squadra, una delle favorite del campionato\u201d. Partiamo cos\u00ec dalla fine, dalla conferenza stampa, per spiegare il film del match Torres-Alessandria 0-2. Dopo la brutta sconfitta contro l\u2019Albinoleffe due settimane fa il tecnico Luca D\u2019Angelo era nel mirino della critica. Con tre vittorie consecutive (due [&hellip;]<\/p>\n","protected":false},"author":3,"featured_media":0,"comment_status":"closed","ping_status":"closed","sticky":false,"template":"","format":"standard","meta":{"_et_pb_use_builder":"","_et_pb_old_content":"","_et_gb_content_width":"","inline_featured_image":false,"_monsterinsights_skip_tracking":false,"_monsterinsights_sitenote_active":false,"_monsterinsights_sitenote_note":"","_monsterinsights_sitenote_category":0,"footnotes":""},"categories":[16],"tags":[],"class_list":["post-729","post","type-post","status-publish","format-standard","hentry","category-news"],"yoast_head":"<!-- This site is optimized with the Yoast SEO plugin v26.6 - https:\/\/yoast.com\/wordpress\/plugins\/seo\/ -->\n<title>I Grigi ritornano \u201cin continente\u201d con il 2-0 a proprio favore - Museo Grigio<\/title>\n<meta name=\"robots\" content=\"index, follow, max-snippet:-1, max-image-preview:large, max-video-preview:-1\" \/>\n<link rel=\"canonical\" href=\"https:\/\/www.museogrigio.it\/wp\/i-grigi-ritornano-in-continente-con-il-2-0-a-proprio-favore\/\" \/>\n<meta property=\"og:locale\" content=\"it_IT\" \/>\n<meta property=\"og:type\" content=\"article\" \/>\n<meta property=\"og:title\" content=\"I Grigi ritornano \u201cin continente\u201d con il 2-0 a proprio favore - Museo Grigio\" \/>\n<meta property=\"og:description\" content=\"Il presidente della Torres Domenico Capitani: &#8220;Abbiamo perso contro una grande squadra, una delle favorite del campionato\u201d. Partiamo cos\u00ec dalla fine, dalla conferenza stampa, per spiegare il film del match Torres-Alessandria 0-2. Dopo la brutta sconfitta contro l\u2019Albinoleffe due settimane fa il tecnico Luca D\u2019Angelo era nel mirino della critica. Con tre vittorie consecutive (due [&hellip;]\" \/>\n<meta property=\"og:url\" content=\"https:\/\/www.museogrigio.it\/wp\/i-grigi-ritornano-in-continente-con-il-2-0-a-proprio-favore\/\" \/>\n<meta property=\"og:site_name\" content=\"Museo Grigio\" \/>\n<meta property=\"article:published_time\" content=\"2014-11-09T09:48:39+00:00\" \/>\n<meta property=\"article:modified_time\" content=\"2015-08-01T22:13:00+00:00\" \/>\n<meta property=\"og:image\" content=\"http:\/\/www.museogrigio.it\/wp\/wp-content\/uploads\/2014\/11\/Torres-Alessandria-7.jpg\" \/>\n<meta name=\"author\" content=\"mgblogger\" \/>\n<meta name=\"twitter:card\" content=\"summary_large_image\" \/>\n<meta name=\"twitter:label1\" content=\"Scritto da\" \/>\n\t<meta name=\"twitter:data1\" content=\"mgblogger\" \/>\n\t<meta name=\"twitter:label2\" content=\"Tempo di lettura stimato\" \/>\n\t<meta name=\"twitter:data2\" content=\"3 minuti\" \/>\n<script type=\"application\/ld+json\" class=\"yoast-schema-graph\">{\"@context\":\"https:\/\/schema.org\",\"@graph\":[{\"@type\":\"WebPage\",\"@id\":\"https:\/\/www.museogrigio.it\/wp\/i-grigi-ritornano-in-continente-con-il-2-0-a-proprio-favore\/\",\"url\":\"https:\/\/www.museogrigio.it\/wp\/i-grigi-ritornano-in-continente-con-il-2-0-a-proprio-favore\/\",\"name\":\"I Grigi ritornano \u201cin continente\u201d con il 2-0 a proprio favore - Museo Grigio\",\"isPartOf\":{\"@id\":\"https:\/\/www.museogrigio.it\/wp\/#website\"},\"primaryImageOfPage\":{\"@id\":\"https:\/\/www.museogrigio.it\/wp\/i-grigi-ritornano-in-continente-con-il-2-0-a-proprio-favore\/#primaryimage\"},\"image\":{\"@id\":\"https:\/\/www.museogrigio.it\/wp\/i-grigi-ritornano-in-continente-con-il-2-0-a-proprio-favore\/#primaryimage\"},\"thumbnailUrl\":\"http:\/\/www.museogrigio.it\/wp\/wp-content\/uploads\/2014\/11\/Torres-Alessandria-7.jpg\",\"datePublished\":\"2014-11-09T09:48:39+00:00\",\"dateModified\":\"2015-08-01T22:13:00+00:00\",\"author\":{\"@id\":\"https:\/\/www.museogrigio.it\/wp\/#\/schema\/person\/7ae7f5a79c8f571fd56d74aabb80b3f3\"},\"breadcrumb\":{\"@id\":\"https:\/\/www.museogrigio.it\/wp\/i-grigi-ritornano-in-continente-con-il-2-0-a-proprio-favore\/#breadcrumb\"},\"inLanguage\":\"it-IT\",\"potentialAction\":[{\"@type\":\"ReadAction\",\"target\":[\"https:\/\/www.museogrigio.it\/wp\/i-grigi-ritornano-in-continente-con-il-2-0-a-proprio-favore\/\"]}]},{\"@type\":\"ImageObject\",\"inLanguage\":\"it-IT\",\"@id\":\"https:\/\/www.museogrigio.it\/wp\/i-grigi-ritornano-in-continente-con-il-2-0-a-proprio-favore\/#primaryimage\",\"url\":\"https:\/\/www.museogrigio.it\/wp\/wp-content\/uploads\/2014\/11\/Torres-Alessandria-7.jpg\",\"contentUrl\":\"https:\/\/www.museogrigio.it\/wp\/wp-content\/uploads\/2014\/11\/Torres-Alessandria-7.jpg\",\"width\":960,\"height\":638},{\"@type\":\"BreadcrumbList\",\"@id\":\"https:\/\/www.museogrigio.it\/wp\/i-grigi-ritornano-in-continente-con-il-2-0-a-proprio-favore\/#breadcrumb\",\"itemListElement\":[{\"@type\":\"ListItem\",\"position\":1,\"name\":\"Home\",\"item\":\"https:\/\/www.museogrigio.it\/wp\/\"},{\"@type\":\"ListItem\",\"position\":2,\"name\":\"I Grigi ritornano \u201cin continente\u201d con il 2-0 a proprio favore\"}]},{\"@type\":\"WebSite\",\"@id\":\"https:\/\/www.museogrigio.it\/wp\/#website\",\"url\":\"https:\/\/www.museogrigio.it\/wp\/\",\"name\":\"Museo Grigio\",\"description\":\"Museo Grigio Blog\",\"potentialAction\":[{\"@type\":\"SearchAction\",\"target\":{\"@type\":\"EntryPoint\",\"urlTemplate\":\"https:\/\/www.museogrigio.it\/wp\/?s={search_term_string}\"},\"query-input\":{\"@type\":\"PropertyValueSpecification\",\"valueRequired\":true,\"valueName\":\"search_term_string\"}}],\"inLanguage\":\"it-IT\"},{\"@type\":\"Person\",\"@id\":\"https:\/\/www.museogrigio.it\/wp\/#\/schema\/person\/7ae7f5a79c8f571fd56d74aabb80b3f3\",\"name\":\"mgblogger\",\"image\":{\"@type\":\"ImageObject\",\"inLanguage\":\"it-IT\",\"@id\":\"https:\/\/www.museogrigio.it\/wp\/#\/schema\/person\/image\/\",\"url\":\"https:\/\/secure.gravatar.com\/avatar\/c01466dbaec6f151089fefd81e4e31df853c7b5c4af467acdacd2bda7e1e497a?s=96&d=mm&r=g\",\"contentUrl\":\"https:\/\/secure.gravatar.com\/avatar\/c01466dbaec6f151089fefd81e4e31df853c7b5c4af467acdacd2bda7e1e497a?s=96&d=mm&r=g\",\"caption\":\"mgblogger\"},\"url\":\"https:\/\/www.museogrigio.it\/wp\/author\/mgblogger\/\"}]}<\/script>\n<!-- \/ Yoast SEO plugin. -->","yoast_head_json":{"title":"I Grigi ritornano \u201cin continente\u201d con il 2-0 a proprio favore - Museo Grigio","robots":{"index":"index","follow":"follow","max-snippet":"max-snippet:-1","max-image-preview":"max-image-preview:large","max-video-preview":"max-video-preview:-1"},"canonical":"https:\/\/www.museogrigio.it\/wp\/i-grigi-ritornano-in-continente-con-il-2-0-a-proprio-favore\/","og_locale":"it_IT","og_type":"article","og_title":"I Grigi ritornano \u201cin continente\u201d con il 2-0 a proprio favore - Museo Grigio","og_description":"Il presidente della Torres Domenico Capitani: &#8220;Abbiamo perso contro una grande squadra, una delle favorite del campionato\u201d. Partiamo cos\u00ec dalla fine, dalla conferenza stampa, per spiegare il film del match Torres-Alessandria 0-2. Dopo la brutta sconfitta contro l\u2019Albinoleffe due settimane fa il tecnico Luca D\u2019Angelo era nel mirino della critica. Con tre vittorie consecutive (due [&hellip;]","og_url":"https:\/\/www.museogrigio.it\/wp\/i-grigi-ritornano-in-continente-con-il-2-0-a-proprio-favore\/","og_site_name":"Museo Grigio","article_published_time":"2014-11-09T09:48:39+00:00","article_modified_time":"2015-08-01T22:13:00+00:00","og_image":[{"url":"http:\/\/www.museogrigio.it\/wp\/wp-content\/uploads\/2014\/11\/Torres-Alessandria-7.jpg","type":"","width":"","height":""}],"author":"mgblogger","twitter_card":"summary_large_image","twitter_misc":{"Scritto da":"mgblogger","Tempo di lettura stimato":"3 minuti"},"schema":{"@context":"https:\/\/schema.org","@graph":[{"@type":"WebPage","@id":"https:\/\/www.museogrigio.it\/wp\/i-grigi-ritornano-in-continente-con-il-2-0-a-proprio-favore\/","url":"https:\/\/www.museogrigio.it\/wp\/i-grigi-ritornano-in-continente-con-il-2-0-a-proprio-favore\/","name":"I Grigi ritornano \u201cin continente\u201d con il 2-0 a proprio favore - Museo Grigio","isPartOf":{"@id":"https:\/\/www.museogrigio.it\/wp\/#website"},"primaryImageOfPage":{"@id":"https:\/\/www.museogrigio.it\/wp\/i-grigi-ritornano-in-continente-con-il-2-0-a-proprio-favore\/#primaryimage"},"image":{"@id":"https:\/\/www.museogrigio.it\/wp\/i-grigi-ritornano-in-continente-con-il-2-0-a-proprio-favore\/#primaryimage"},"thumbnailUrl":"http:\/\/www.museogrigio.it\/wp\/wp-content\/uploads\/2014\/11\/Torres-Alessandria-7.jpg","datePublished":"2014-11-09T09:48:39+00:00","dateModified":"2015-08-01T22:13:00+00:00","author":{"@id":"https:\/\/www.museogrigio.it\/wp\/#\/schema\/person\/7ae7f5a79c8f571fd56d74aabb80b3f3"},"breadcrumb":{"@id":"https:\/\/www.museogrigio.it\/wp\/i-grigi-ritornano-in-continente-con-il-2-0-a-proprio-favore\/#breadcrumb"},"inLanguage":"it-IT","potentialAction":[{"@type":"ReadAction","target":["https:\/\/www.museogrigio.it\/wp\/i-grigi-ritornano-in-continente-con-il-2-0-a-proprio-favore\/"]}]},{"@type":"ImageObject","inLanguage":"it-IT","@id":"https:\/\/www.museogrigio.it\/wp\/i-grigi-ritornano-in-continente-con-il-2-0-a-proprio-favore\/#primaryimage","url":"https:\/\/www.museogrigio.it\/wp\/wp-content\/uploads\/2014\/11\/Torres-Alessandria-7.jpg","contentUrl":"https:\/\/www.museogrigio.it\/wp\/wp-content\/uploads\/2014\/11\/Torres-Alessandria-7.jpg","width":960,"height":638},{"@type":"BreadcrumbList","@id":"https:\/\/www.museogrigio.it\/wp\/i-grigi-ritornano-in-continente-con-il-2-0-a-proprio-favore\/#breadcrumb","itemListElement":[{"@type":"ListItem","position":1,"name":"Home","item":"https:\/\/www.museogrigio.it\/wp\/"},{"@type":"ListItem","position":2,"name":"I Grigi ritornano \u201cin continente\u201d con il 2-0 a proprio favore"}]},{"@type":"WebSite","@id":"https:\/\/www.museogrigio.it\/wp\/#website","url":"https:\/\/www.museogrigio.it\/wp\/","name":"Museo Grigio","description":"Museo Grigio Blog","potentialAction":[{"@type":"SearchAction","target":{"@type":"EntryPoint","urlTemplate":"https:\/\/www.museogrigio.it\/wp\/?s={search_term_string}"},"query-input":{"@type":"PropertyValueSpecification","valueRequired":true,"valueName":"search_term_string"}}],"inLanguage":"it-IT"},{"@type":"Person","@id":"https:\/\/www.museogrigio.it\/wp\/#\/schema\/person\/7ae7f5a79c8f571fd56d74aabb80b3f3","name":"mgblogger","image":{"@type":"ImageObject","inLanguage":"it-IT","@id":"https:\/\/www.museogrigio.it\/wp\/#\/schema\/person\/image\/","url":"https:\/\/secure.gravatar.com\/avatar\/c01466dbaec6f151089fefd81e4e31df853c7b5c4af467acdacd2bda7e1e497a?s=96&d=mm&r=g","contentUrl":"https:\/\/secure.gravatar.com\/avatar\/c01466dbaec6f151089fefd81e4e31df853c7b5c4af467acdacd2bda7e1e497a?s=96&d=mm&r=g","caption":"mgblogger"},"url":"https:\/\/www.museogrigio.it\/wp\/author\/mgblogger\/"}]}},"_links":{"self":[{"href":"https:\/\/www.museogrigio.it\/wp\/wp-json\/wp\/v2\/posts\/729","targetHints":{"allow":["GET"]}}],"collection":[{"href":"https:\/\/www.museogrigio.it\/wp\/wp-json\/wp\/v2\/posts"}],"about":[{"href":"https:\/\/www.museogrigio.it\/wp\/wp-json\/wp\/v2\/types\/post"}],"author":[{"embeddable":true,"href":"https:\/\/www.museogrigio.it\/wp\/wp-json\/wp\/v2\/users\/3"}],"replies":[{"embeddable":true,"href":"https:\/\/www.museogrigio.it\/wp\/wp-json\/wp\/v2\/comments?post=729"}],"version-history":[{"count":6,"href":"https:\/\/www.museogrigio.it\/wp\/wp-json\/wp\/v2\/posts\/729\/revisions"}],"predecessor-version":[{"id":741,"href":"https:\/\/www.museogrigio.it\/wp\/wp-json\/wp\/v2\/posts\/729\/revisions\/741"}],"wp:attachment":[{"href":"https:\/\/www.museogrigio.it\/wp\/wp-json\/wp\/v2\/media?parent=729"}],"wp:term":[{"taxonomy":"category","embeddable":true,"href":"https:\/\/www.museogrigio.it\/wp\/wp-json\/wp\/v2\/categories?post=729"},{"taxonomy":"post_tag","embeddable":true,"href":"https:\/\/www.museogrigio.it\/wp\/wp-json\/wp\/v2\/tags?post=729"}],"curies":[{"name":"wp","href":"https:\/\/api.w.org\/{rel}","templated":true}]}}