{"id":6936,"date":"2016-05-05T12:29:28","date_gmt":"2016-05-05T12:29:28","guid":{"rendered":"http:\/\/www.museogrigio.it\/wp\/?p=6936"},"modified":"2016-05-09T09:48:30","modified_gmt":"2016-05-09T09:48:30","slug":"vi-spieghiamo-il-di-masi-pensiero","status":"publish","type":"post","link":"https:\/\/www.museogrigio.it\/wp\/vi-spieghiamo-il-di-masi-pensiero\/","title":{"rendered":"Vi spieghiamo il Di Masi-pensiero"},"content":{"rendered":"<p><a href=\"http:\/\/www.museogrigio.it\/wp\/wp-content\/uploads\/2016\/05\/Di-Masi.jpg\"><img loading=\"lazy\" decoding=\"async\" class=\"alignnone size-full wp-image-6938\" src=\"http:\/\/www.museogrigio.it\/wp\/wp-content\/uploads\/2016\/05\/Di-Masi.jpg\" alt=\"Di Masi\" width=\"912\" height=\"608\" srcset=\"https:\/\/www.museogrigio.it\/wp\/wp-content\/uploads\/2016\/05\/Di-Masi.jpg 912w, https:\/\/www.museogrigio.it\/wp\/wp-content\/uploads\/2016\/05\/Di-Masi-300x200.jpg 300w, https:\/\/www.museogrigio.it\/wp\/wp-content\/uploads\/2016\/05\/Di-Masi-624x416.jpg 624w\" sizes=\"auto, (max-width: 912px) 100vw, 912px\" \/><\/a><\/p>\n<p>&nbsp;<\/p>\n<p>\u00c8 ora di <strong>ricompattare l\u2019ambiente<\/strong>, in attesa che la squadra <strong>resetti testa e gambe<\/strong> in vista della prima sfida dei playoff. Sfida dal <strong>dentro o fuori<\/strong>.<\/p>\n<p>Questa \u00e8 la strada intrapresa dal presidente <strong>Luca Di Masi<\/strong>, che a <strong>Milano<\/strong> ha appena ricevuto il\u00a0<a href=\"http:\/\/www.premiogentleman.it\/\">Premio Gentleman Fair Play Awards<\/a> per <strong>l\u2019impresa dei Grigi in TimCup<\/strong>. Si tratta di un prestigioso riconoscimento riservato al calcio professionistico, che in questi anni ha visto sfilare sul palco delle premiazioni tutti i nomi pi\u00f9 belli del <strong>calcio italiano e mondiale, da Del Piero a Pirlo, da Ronaldo a Figo, da Maldini a Kak\u00e0.<\/strong> E quest\u2019anno,\u00a0<a href=\"http:\/\/www.premiogentleman.it\/albo-doro\/milano-2016\/#!\">accanto all\u2019Alessandria<\/a> anche il <strong>Barcellona<\/strong> &#8211; che ha mandato a ritirare il riconoscimento <strong>Gerard Piqu\u00e8<\/strong> &#8211; a conferma di come la <strong>storica cavalcata in Coppa Italia<\/strong> abbia fatto dilatare <strong>la conoscenza dell\u2019Alessandria nel mondo<\/strong>.<\/p>\n<p>Ma non \u00e8 tempo di ricordi, piuttosto di <strong>certezze per l\u2019immediato futuro<\/strong>.<\/p>\n<p><a href=\"http:\/\/www.museogrigio.it\/wp\/wp-content\/uploads\/2016\/05\/Di-Masi-1.jpg\"><img loading=\"lazy\" decoding=\"async\" class=\"alignnone size-full wp-image-6939\" src=\"http:\/\/www.museogrigio.it\/wp\/wp-content\/uploads\/2016\/05\/Di-Masi-1.jpg\" alt=\"Di Masi (1)\" width=\"2200\" height=\"1466\" srcset=\"https:\/\/www.museogrigio.it\/wp\/wp-content\/uploads\/2016\/05\/Di-Masi-1.jpg 2200w, https:\/\/www.museogrigio.it\/wp\/wp-content\/uploads\/2016\/05\/Di-Masi-1-300x200.jpg 300w, https:\/\/www.museogrigio.it\/wp\/wp-content\/uploads\/2016\/05\/Di-Masi-1-1024x682.jpg 1024w, https:\/\/www.museogrigio.it\/wp\/wp-content\/uploads\/2016\/05\/Di-Masi-1-624x416.jpg 624w\" sizes=\"auto, (max-width: 2200px) 100vw, 2200px\" \/><\/a><\/p>\n<p><strong>Come giudica la contestazione dei tifosi dopo la sconfitta di sabato con la Reggiana?<\/strong> Lo abbiamo contattato e lui garbatamente ci ha <strong>fatto sapere che il suo concetto<\/strong> \u00e8 e rimane quello espresso in occasione di una recente diretta radiofonica<\/p>\n<p><em>\u201cAi tifosi chiedo pi\u00f9 equilibrio. Vorrei che fosse chiaro un concetto: chi contesta un giocatore contesta tutta l&#8217;Alessandria, me compreso. Non si possono scindere le cose. I fischi per i ragazzi sono anche contro di me e contro la dirigenza. Non mi \u00e8 piaciuto il coro dopo cinque minuti sugli undici leoni in campo, non mi sono piaciuti i fischi al primo retropassaggio\u201d<\/em>.<\/p>\n<p>Il pubblico si \u00e8 arrabbiato per aver visto <strong>una squadra ombra di s\u00e9 stessa<\/strong>. <a href=\"http:\/\/www.museogrigio.it\/wp\/?p=6905\">Si pu\u00f2 perdere, ma in campo bisogna combattere, cosa che onestamente l&#8217;Alessandria non ha fatto.<\/a><\/p>\n<p><em>\u201cSe fossi stato in curva, forse avrei contestato la prestazione ma non avrei fischiato l\u2019annuncio dei playoff\u201d<\/em> ha affermato <strong>Di Masi<\/strong>.<\/p>\n<p><a href=\"http:\/\/www.museogrigio.it\/wp\/wp-content\/uploads\/2016\/05\/Di-Masi-4.jpg\"><img loading=\"lazy\" decoding=\"async\" class=\"alignnone  wp-image-6940\" src=\"http:\/\/www.museogrigio.it\/wp\/wp-content\/uploads\/2016\/05\/Di-Masi-4.jpg\" alt=\"Di Masi (4)\" width=\"623\" height=\"410\" srcset=\"https:\/\/www.museogrigio.it\/wp\/wp-content\/uploads\/2016\/05\/Di-Masi-4.jpg 466w, https:\/\/www.museogrigio.it\/wp\/wp-content\/uploads\/2016\/05\/Di-Masi-4-300x198.jpg 300w\" sizes=\"auto, (max-width: 623px) 100vw, 623px\" \/><\/a><\/p>\n<p><strong>Cittadella<\/strong> a parte, il <strong>secondo posto<\/strong> sarebbe stato ampiamente alla portata di questa squadra. Qualcosa <strong>\u00e8 sicuramente venuta meno<\/strong>.<\/p>\n<p>Ma per <strong>il presidente Di Masi<\/strong> questa squadra potr\u00e0 dare <strong>ancora tantissimo<\/strong>, anche se in fondo ha finito di <strong>ammettere che anche lui<\/strong> si sarebbe aspettato di concludere la regular season in una posizione migliore: <em>\u201cI giocatori vogliono vincere. Partendo dal mese di marzo abbiamo ottenuto cinque vittorie, due pareggi e due sconfitte, con una media di due punti a partita. Voglio fare presente che ci sono squadre che magari hanno speso pi\u00f9 di noi come il Pavia, la Cremonese e la stessa Reggiana, che vorrebbero essere al nostro posto ai playoff\u201d<\/em>.<\/p>\n<p><a href=\"http:\/\/www.museogrigio.it\/wp\/wp-content\/uploads\/2016\/05\/Di-Masi-2.jpg\"><img loading=\"lazy\" decoding=\"async\" class=\"alignnone size-full wp-image-6942\" src=\"http:\/\/www.museogrigio.it\/wp\/wp-content\/uploads\/2016\/05\/Di-Masi-2.jpg\" alt=\"Di Masi (2)\" width=\"960\" height=\"640\" srcset=\"https:\/\/www.museogrigio.it\/wp\/wp-content\/uploads\/2016\/05\/Di-Masi-2.jpg 960w, https:\/\/www.museogrigio.it\/wp\/wp-content\/uploads\/2016\/05\/Di-Masi-2-300x200.jpg 300w, https:\/\/www.museogrigio.it\/wp\/wp-content\/uploads\/2016\/05\/Di-Masi-2-624x416.jpg 624w\" sizes=\"auto, (max-width: 960px) 100vw, 960px\" \/><\/a><em><strong>Il presidente Di Masi con tutto lo staff e la redazione di Museo Grigio.<\/strong><\/em><\/p>\n<p>&nbsp;<\/p>\n<p><strong>Cosa dovremo attenderci dai playoff?<\/strong> Il patron \u2013 che ha voluto i<strong>ncontrare la squadra alla<\/strong> ripresa degli allenamenti &#8211; si \u00e8 detto<strong> ottimista<\/strong>: <em>\u201cSiamo sul pezzo e voglio fugare ogni dubbio: non voler andare in serie B sarebbe masochismo puro. Chi temo di pi\u00f9? Nessuno, anche se pu\u00f2 sembrare banale. In trasferta ci andremo per forza, e se ci toccher\u00e0 andremo tranquillamente anche a Foggia\u201d<\/em>.<\/p>\n<p>Poi un\u2019ultima <strong>precisazione<\/strong>: <em>\u201cNei playoff serviranno quei giocatori<strong> \u2018con le palle\u2019,<\/strong> che hanno fame. che li guardi negli occhi e sbranerebbero gli avversari. Nella nostra squadra ce ne sono tanti\u201d<\/em> .<\/p>\n<p><a href=\"http:\/\/www.museogrigio.it\/wp\/wp-content\/uploads\/2016\/05\/Di-Masi-3.jpg\"><img loading=\"lazy\" decoding=\"async\" class=\"alignnone size-full wp-image-6943\" src=\"http:\/\/www.museogrigio.it\/wp\/wp-content\/uploads\/2016\/05\/Di-Masi-3.jpg\" alt=\"Di Masi (3)\" width=\"878\" height=\"629\" srcset=\"https:\/\/www.museogrigio.it\/wp\/wp-content\/uploads\/2016\/05\/Di-Masi-3.jpg 878w, https:\/\/www.museogrigio.it\/wp\/wp-content\/uploads\/2016\/05\/Di-Masi-3-300x215.jpg 300w, https:\/\/www.museogrigio.it\/wp\/wp-content\/uploads\/2016\/05\/Di-Masi-3-624x447.jpg 624w\" sizes=\"auto, (max-width: 878px) 100vw, 878px\" \/><\/a><\/p>\n<p>Chiaro riferimento <strong>alla curva<\/strong> che ha chiesto alla squadra di tirare fuori i cosiddetti <strong>attributi<\/strong>? Come potete vedere, dopo\u00a0<a href=\"http:\/\/www.museogrigio.it\/wp\/?p=6872\">Alessandria-Reggiana<\/a> abbiamo dato voce al<strong> tifo<\/strong> e al <strong>presidente Di Masi<\/strong>, visto che i giocatori per il momento sono in <strong>silenzio stampa<\/strong>.<\/p>\n<p style=\"text-align: left;\"><strong>Il tifo sa essere il dodicesimo uomo<\/strong> <strong>e quella del \u201cMoccagatta\u201d non \u00e8 una tifoseria qualunque<\/strong>. Ce lo insegna la storia, quella passata e quella recente. Quando uno \u00e8 <strong>indifferente<\/strong> vuol dire che non prova nulla, al contrario quando <strong>si lamenta<\/strong> vuole dire che c\u2019\u00e8 <strong>tanto sentimento<\/strong>, \u00e8 perch\u00e9 tiene a quella persona o a quella cosa. <strong>La curva<\/strong> che domenica ha fischiato <strong>tiene tantissimo all\u2019Alessandria<\/strong>. Di questo deve rendersene pienamente conto <strong>il presidente Di Masi<\/strong>, perci\u00f2 deve avere <strong>piena fiducia in questo tifo<\/strong> che saputo sempre riempire la <strong>Curva Nord<\/strong> per tutto il campionato.<\/p>\n<p style=\"text-align: right;\"><em><strong>Mario Bocchio<\/strong><\/em><\/p>\n<h1 style=\"text-align: left;\">Articoli correlati<\/h1>\n<p><a href=\"http:\/\/www.museogrigio.it\/wp\/?p=6905\">Audi: \u201cSi pu\u00f2 anche perdere, ma uscendo a testa alta dal campo!\u201d<\/a><\/p>\n<p><a href=\"http:\/\/www.museogrigio.it\/wp\/?p=6898\">\u00c8 legittimo ma non va bene protestare in questo momento e con questi toni<\/a><\/p>\n<p class=\"entry-title\"><a href=\"http:\/\/www.museogrigio.it\/wp\/?p=6881\" rel=\"bookmark\">Gregucci ammette: \u201cAbbiamo giocato male\u201d<\/a><\/p>\n<p><a href=\"http:\/\/www.museogrigio.it\/wp\/?p=6890\">La spiegazione di capitan Morero<\/a><\/p>\n","protected":false},"excerpt":{"rendered":"<p>&nbsp; \u00c8 ora di ricompattare l\u2019ambiente, in attesa che la squadra resetti testa e gambe in vista della prima sfida dei playoff. Sfida dal dentro o fuori. Questa \u00e8 la strada intrapresa dal presidente Luca Di Masi, che a Milano ha appena ricevuto il\u00a0Premio Gentleman Fair Play Awards per l\u2019impresa dei Grigi in TimCup. Si [&hellip;]<\/p>\n","protected":false},"author":3,"featured_media":0,"comment_status":"closed","ping_status":"closed","sticky":false,"template":"","format":"standard","meta":{"_et_pb_use_builder":"","_et_pb_old_content":"","_et_gb_content_width":"","inline_featured_image":false,"_monsterinsights_skip_tracking":false,"_monsterinsights_sitenote_active":false,"_monsterinsights_sitenote_note":"","_monsterinsights_sitenote_category":0,"footnotes":""},"categories":[16],"tags":[],"class_list":["post-6936","post","type-post","status-publish","format-standard","hentry","category-news"],"yoast_head":"<!-- This site is optimized with the Yoast SEO plugin v26.6 - https:\/\/yoast.com\/wordpress\/plugins\/seo\/ -->\n<title>Vi spieghiamo il Di Masi-pensiero - Museo Grigio<\/title>\n<meta name=\"robots\" content=\"index, follow, max-snippet:-1, max-image-preview:large, max-video-preview:-1\" \/>\n<link rel=\"canonical\" href=\"https:\/\/www.museogrigio.it\/wp\/vi-spieghiamo-il-di-masi-pensiero\/\" \/>\n<meta property=\"og:locale\" content=\"it_IT\" \/>\n<meta property=\"og:type\" content=\"article\" \/>\n<meta property=\"og:title\" content=\"Vi spieghiamo il Di Masi-pensiero - Museo Grigio\" \/>\n<meta property=\"og:description\" content=\"&nbsp; \u00c8 ora di ricompattare l\u2019ambiente, in attesa che la squadra resetti testa e gambe in vista della prima sfida dei playoff. Sfida dal dentro o fuori. Questa \u00e8 la strada intrapresa dal presidente Luca Di Masi, che a Milano ha appena ricevuto il\u00a0Premio Gentleman Fair Play Awards per l\u2019impresa dei Grigi in TimCup. Si [&hellip;]\" \/>\n<meta property=\"og:url\" content=\"https:\/\/www.museogrigio.it\/wp\/vi-spieghiamo-il-di-masi-pensiero\/\" \/>\n<meta property=\"og:site_name\" content=\"Museo Grigio\" \/>\n<meta property=\"article:published_time\" content=\"2016-05-05T12:29:28+00:00\" \/>\n<meta property=\"article:modified_time\" content=\"2016-05-09T09:48:30+00:00\" \/>\n<meta property=\"og:image\" content=\"http:\/\/www.museogrigio.it\/wp\/wp-content\/uploads\/2016\/05\/Di-Masi.jpg\" \/>\n<meta name=\"author\" content=\"mgblogger\" \/>\n<meta name=\"twitter:card\" content=\"summary_large_image\" \/>\n<meta name=\"twitter:label1\" content=\"Scritto da\" \/>\n\t<meta name=\"twitter:data1\" content=\"mgblogger\" \/>\n\t<meta name=\"twitter:label2\" content=\"Tempo di lettura stimato\" \/>\n\t<meta name=\"twitter:data2\" content=\"3 minuti\" \/>\n<script type=\"application\/ld+json\" class=\"yoast-schema-graph\">{\"@context\":\"https:\/\/schema.org\",\"@graph\":[{\"@type\":\"WebPage\",\"@id\":\"https:\/\/www.museogrigio.it\/wp\/vi-spieghiamo-il-di-masi-pensiero\/\",\"url\":\"https:\/\/www.museogrigio.it\/wp\/vi-spieghiamo-il-di-masi-pensiero\/\",\"name\":\"Vi spieghiamo il Di Masi-pensiero - Museo Grigio\",\"isPartOf\":{\"@id\":\"https:\/\/www.museogrigio.it\/wp\/#website\"},\"primaryImageOfPage\":{\"@id\":\"https:\/\/www.museogrigio.it\/wp\/vi-spieghiamo-il-di-masi-pensiero\/#primaryimage\"},\"image\":{\"@id\":\"https:\/\/www.museogrigio.it\/wp\/vi-spieghiamo-il-di-masi-pensiero\/#primaryimage\"},\"thumbnailUrl\":\"http:\/\/www.museogrigio.it\/wp\/wp-content\/uploads\/2016\/05\/Di-Masi.jpg\",\"datePublished\":\"2016-05-05T12:29:28+00:00\",\"dateModified\":\"2016-05-09T09:48:30+00:00\",\"author\":{\"@id\":\"https:\/\/www.museogrigio.it\/wp\/#\/schema\/person\/7ae7f5a79c8f571fd56d74aabb80b3f3\"},\"breadcrumb\":{\"@id\":\"https:\/\/www.museogrigio.it\/wp\/vi-spieghiamo-il-di-masi-pensiero\/#breadcrumb\"},\"inLanguage\":\"it-IT\",\"potentialAction\":[{\"@type\":\"ReadAction\",\"target\":[\"https:\/\/www.museogrigio.it\/wp\/vi-spieghiamo-il-di-masi-pensiero\/\"]}]},{\"@type\":\"ImageObject\",\"inLanguage\":\"it-IT\",\"@id\":\"https:\/\/www.museogrigio.it\/wp\/vi-spieghiamo-il-di-masi-pensiero\/#primaryimage\",\"url\":\"https:\/\/www.museogrigio.it\/wp\/wp-content\/uploads\/2016\/05\/Di-Masi.jpg\",\"contentUrl\":\"https:\/\/www.museogrigio.it\/wp\/wp-content\/uploads\/2016\/05\/Di-Masi.jpg\",\"width\":912,\"height\":608},{\"@type\":\"BreadcrumbList\",\"@id\":\"https:\/\/www.museogrigio.it\/wp\/vi-spieghiamo-il-di-masi-pensiero\/#breadcrumb\",\"itemListElement\":[{\"@type\":\"ListItem\",\"position\":1,\"name\":\"Home\",\"item\":\"https:\/\/www.museogrigio.it\/wp\/\"},{\"@type\":\"ListItem\",\"position\":2,\"name\":\"Vi spieghiamo il Di Masi-pensiero\"}]},{\"@type\":\"WebSite\",\"@id\":\"https:\/\/www.museogrigio.it\/wp\/#website\",\"url\":\"https:\/\/www.museogrigio.it\/wp\/\",\"name\":\"Museo Grigio\",\"description\":\"Museo Grigio Blog\",\"potentialAction\":[{\"@type\":\"SearchAction\",\"target\":{\"@type\":\"EntryPoint\",\"urlTemplate\":\"https:\/\/www.museogrigio.it\/wp\/?s={search_term_string}\"},\"query-input\":{\"@type\":\"PropertyValueSpecification\",\"valueRequired\":true,\"valueName\":\"search_term_string\"}}],\"inLanguage\":\"it-IT\"},{\"@type\":\"Person\",\"@id\":\"https:\/\/www.museogrigio.it\/wp\/#\/schema\/person\/7ae7f5a79c8f571fd56d74aabb80b3f3\",\"name\":\"mgblogger\",\"image\":{\"@type\":\"ImageObject\",\"inLanguage\":\"it-IT\",\"@id\":\"https:\/\/www.museogrigio.it\/wp\/#\/schema\/person\/image\/\",\"url\":\"https:\/\/secure.gravatar.com\/avatar\/c01466dbaec6f151089fefd81e4e31df853c7b5c4af467acdacd2bda7e1e497a?s=96&d=mm&r=g\",\"contentUrl\":\"https:\/\/secure.gravatar.com\/avatar\/c01466dbaec6f151089fefd81e4e31df853c7b5c4af467acdacd2bda7e1e497a?s=96&d=mm&r=g\",\"caption\":\"mgblogger\"},\"url\":\"https:\/\/www.museogrigio.it\/wp\/author\/mgblogger\/\"}]}<\/script>\n<!-- \/ Yoast SEO plugin. -->","yoast_head_json":{"title":"Vi spieghiamo il Di Masi-pensiero - Museo Grigio","robots":{"index":"index","follow":"follow","max-snippet":"max-snippet:-1","max-image-preview":"max-image-preview:large","max-video-preview":"max-video-preview:-1"},"canonical":"https:\/\/www.museogrigio.it\/wp\/vi-spieghiamo-il-di-masi-pensiero\/","og_locale":"it_IT","og_type":"article","og_title":"Vi spieghiamo il Di Masi-pensiero - Museo Grigio","og_description":"&nbsp; \u00c8 ora di ricompattare l\u2019ambiente, in attesa che la squadra resetti testa e gambe in vista della prima sfida dei playoff. Sfida dal dentro o fuori. Questa \u00e8 la strada intrapresa dal presidente Luca Di Masi, che a Milano ha appena ricevuto il\u00a0Premio Gentleman Fair Play Awards per l\u2019impresa dei Grigi in TimCup. Si [&hellip;]","og_url":"https:\/\/www.museogrigio.it\/wp\/vi-spieghiamo-il-di-masi-pensiero\/","og_site_name":"Museo Grigio","article_published_time":"2016-05-05T12:29:28+00:00","article_modified_time":"2016-05-09T09:48:30+00:00","og_image":[{"url":"http:\/\/www.museogrigio.it\/wp\/wp-content\/uploads\/2016\/05\/Di-Masi.jpg","type":"","width":"","height":""}],"author":"mgblogger","twitter_card":"summary_large_image","twitter_misc":{"Scritto da":"mgblogger","Tempo di lettura stimato":"3 minuti"},"schema":{"@context":"https:\/\/schema.org","@graph":[{"@type":"WebPage","@id":"https:\/\/www.museogrigio.it\/wp\/vi-spieghiamo-il-di-masi-pensiero\/","url":"https:\/\/www.museogrigio.it\/wp\/vi-spieghiamo-il-di-masi-pensiero\/","name":"Vi spieghiamo il Di Masi-pensiero - Museo Grigio","isPartOf":{"@id":"https:\/\/www.museogrigio.it\/wp\/#website"},"primaryImageOfPage":{"@id":"https:\/\/www.museogrigio.it\/wp\/vi-spieghiamo-il-di-masi-pensiero\/#primaryimage"},"image":{"@id":"https:\/\/www.museogrigio.it\/wp\/vi-spieghiamo-il-di-masi-pensiero\/#primaryimage"},"thumbnailUrl":"http:\/\/www.museogrigio.it\/wp\/wp-content\/uploads\/2016\/05\/Di-Masi.jpg","datePublished":"2016-05-05T12:29:28+00:00","dateModified":"2016-05-09T09:48:30+00:00","author":{"@id":"https:\/\/www.museogrigio.it\/wp\/#\/schema\/person\/7ae7f5a79c8f571fd56d74aabb80b3f3"},"breadcrumb":{"@id":"https:\/\/www.museogrigio.it\/wp\/vi-spieghiamo-il-di-masi-pensiero\/#breadcrumb"},"inLanguage":"it-IT","potentialAction":[{"@type":"ReadAction","target":["https:\/\/www.museogrigio.it\/wp\/vi-spieghiamo-il-di-masi-pensiero\/"]}]},{"@type":"ImageObject","inLanguage":"it-IT","@id":"https:\/\/www.museogrigio.it\/wp\/vi-spieghiamo-il-di-masi-pensiero\/#primaryimage","url":"https:\/\/www.museogrigio.it\/wp\/wp-content\/uploads\/2016\/05\/Di-Masi.jpg","contentUrl":"https:\/\/www.museogrigio.it\/wp\/wp-content\/uploads\/2016\/05\/Di-Masi.jpg","width":912,"height":608},{"@type":"BreadcrumbList","@id":"https:\/\/www.museogrigio.it\/wp\/vi-spieghiamo-il-di-masi-pensiero\/#breadcrumb","itemListElement":[{"@type":"ListItem","position":1,"name":"Home","item":"https:\/\/www.museogrigio.it\/wp\/"},{"@type":"ListItem","position":2,"name":"Vi spieghiamo il Di Masi-pensiero"}]},{"@type":"WebSite","@id":"https:\/\/www.museogrigio.it\/wp\/#website","url":"https:\/\/www.museogrigio.it\/wp\/","name":"Museo Grigio","description":"Museo Grigio Blog","potentialAction":[{"@type":"SearchAction","target":{"@type":"EntryPoint","urlTemplate":"https:\/\/www.museogrigio.it\/wp\/?s={search_term_string}"},"query-input":{"@type":"PropertyValueSpecification","valueRequired":true,"valueName":"search_term_string"}}],"inLanguage":"it-IT"},{"@type":"Person","@id":"https:\/\/www.museogrigio.it\/wp\/#\/schema\/person\/7ae7f5a79c8f571fd56d74aabb80b3f3","name":"mgblogger","image":{"@type":"ImageObject","inLanguage":"it-IT","@id":"https:\/\/www.museogrigio.it\/wp\/#\/schema\/person\/image\/","url":"https:\/\/secure.gravatar.com\/avatar\/c01466dbaec6f151089fefd81e4e31df853c7b5c4af467acdacd2bda7e1e497a?s=96&d=mm&r=g","contentUrl":"https:\/\/secure.gravatar.com\/avatar\/c01466dbaec6f151089fefd81e4e31df853c7b5c4af467acdacd2bda7e1e497a?s=96&d=mm&r=g","caption":"mgblogger"},"url":"https:\/\/www.museogrigio.it\/wp\/author\/mgblogger\/"}]}},"_links":{"self":[{"href":"https:\/\/www.museogrigio.it\/wp\/wp-json\/wp\/v2\/posts\/6936","targetHints":{"allow":["GET"]}}],"collection":[{"href":"https:\/\/www.museogrigio.it\/wp\/wp-json\/wp\/v2\/posts"}],"about":[{"href":"https:\/\/www.museogrigio.it\/wp\/wp-json\/wp\/v2\/types\/post"}],"author":[{"embeddable":true,"href":"https:\/\/www.museogrigio.it\/wp\/wp-json\/wp\/v2\/users\/3"}],"replies":[{"embeddable":true,"href":"https:\/\/www.museogrigio.it\/wp\/wp-json\/wp\/v2\/comments?post=6936"}],"version-history":[{"count":9,"href":"https:\/\/www.museogrigio.it\/wp\/wp-json\/wp\/v2\/posts\/6936\/revisions"}],"predecessor-version":[{"id":7011,"href":"https:\/\/www.museogrigio.it\/wp\/wp-json\/wp\/v2\/posts\/6936\/revisions\/7011"}],"wp:attachment":[{"href":"https:\/\/www.museogrigio.it\/wp\/wp-json\/wp\/v2\/media?parent=6936"}],"wp:term":[{"taxonomy":"category","embeddable":true,"href":"https:\/\/www.museogrigio.it\/wp\/wp-json\/wp\/v2\/categories?post=6936"},{"taxonomy":"post_tag","embeddable":true,"href":"https:\/\/www.museogrigio.it\/wp\/wp-json\/wp\/v2\/tags?post=6936"}],"curies":[{"name":"wp","href":"https:\/\/api.w.org\/{rel}","templated":true}]}}