{"id":50719,"date":"2025-12-05T13:51:35","date_gmt":"2025-12-05T13:51:35","guid":{"rendered":"https:\/\/www.museogrigio.it\/wp\/?p=50719"},"modified":"2025-12-05T13:51:36","modified_gmt":"2025-12-05T13:51:36","slug":"camara-e-un-giocatore-dei-grigi","status":"publish","type":"post","link":"https:\/\/www.museogrigio.it\/wp\/camara-e-un-giocatore-dei-grigi\/","title":{"rendered":"Camara \u00e8 un giocatore dei Grigi"},"content":{"rendered":"\n<figure class=\"wp-block-image size-large\"><a href=\"https:\/\/www.museogrigio.it\/wp\/wp-content\/uploads\/2025\/12\/Immagine-WhatsApp-2025-12-05-ore-10.31.34_98ff2bb8.jpg\"><img loading=\"lazy\" decoding=\"async\" width=\"1024\" height=\"835\" src=\"https:\/\/www.museogrigio.it\/wp\/wp-content\/uploads\/2025\/12\/Immagine-WhatsApp-2025-12-05-ore-10.31.34_98ff2bb8-1024x835.jpg\" alt=\"\" class=\"wp-image-50720\" srcset=\"https:\/\/www.museogrigio.it\/wp\/wp-content\/uploads\/2025\/12\/Immagine-WhatsApp-2025-12-05-ore-10.31.34_98ff2bb8-980x799.jpg 980w, https:\/\/www.museogrigio.it\/wp\/wp-content\/uploads\/2025\/12\/Immagine-WhatsApp-2025-12-05-ore-10.31.34_98ff2bb8-480x391.jpg 480w\" sizes=\"auto, (min-width: 0px) and (max-width: 480px) 480px, (min-width: 481px) and (max-width: 980px) 980px, (min-width: 981px) 1024px, 100vw\" \/><\/a><\/figure>\n\n\n\n<p>Il reparto difensivo dell\u2019Alessandria si rinforza con l\u2019arrivo di Papa Bamory Camara.<\/p>\n\n\n\n<p>Nato nel 2001 a Bamako (Mali), in possesso del passaporto maliano e senegalese questo possente difensore centrale (1,88 per 86 kg.) ha cominciato la carriera nel Messina per trasferirsi al Fasano, sempre in Serie D. Dopo un\u2019esperienza in Spagna al Real Linense in Primera Federacion (la serie C iberica) \u00e8 tornato in Italia al Canicatt\u00ec ancora in Quarta Serie: per lui 84 presenze in D con 9 gol.<\/p>\n\n\n\n<p>Poi il passaggio alla Luese Cristo con cui ha giocato nell\u2019ultima stagione e mezza. In estate un ingaggio-lampo con l\u2019Ischia: presentato ufficialmente l\u201911 luglio 2025, ma mai schierato, il 24 agosto giocava contro l\u2019Alessandria la partita di andata di Coppa con la maglia della Luese Cristo.<\/p>\n\n\n\n<p>Con i bianco-rossi ha disputato tutte le 15 gare ufficiali della squadra, comprese quindi, le tre contro i Grigi &#8211; due di Coppa al Moccagatta e una di campionato sul neutro di Acqui (FOTO SOTTO).<br>\u201cSono lieto di accogliere Papa nella famiglia dei Grigi. L\u2019arrivo di un ragazzo del 2001 conferma la linea che stiamo tracciando, con Stefano Civeriati: costruire una squadra competitiva per la Serie D, con atleti giovani, motivati, disciplinati e con reali margini di crescita \u2013 dichiara il presidente, Antonio Barani &#8211;\u00a0 Camara porta con s\u00e9 fisicit\u00e0, applicazione e un percorso che, nonostante la giovane et\u00e0, gli ha gi\u00e0 permesso di maturare un\u2019adeguata esperienza in categorie superiori. \u00c8 una persona seria e umile, e sono certo che si integrer\u00e0 perfettamente nella squadra\u201d.<br>Camara all\u2019Alessandria indosser\u00e0 la maglia n. 27<\/p>\n\n\n\n<p><strong>Sergio Giovanelli<\/strong><\/p>\n\n\n\n<p><\/p>\n\n\n\n<figure class=\"wp-block-gallery has-nested-images columns-default is-cropped wp-block-gallery-1 is-layout-flex wp-block-gallery-is-layout-flex\">\n<figure class=\"wp-block-image size-large\"><a href=\"https:\/\/www.museogrigio.it\/wp\/wp-content\/uploads\/2025\/12\/12-scaled.jpg\"><img loading=\"lazy\" decoding=\"async\" width=\"1024\" height=\"683\" data-id=\"50721\" src=\"https:\/\/www.museogrigio.it\/wp\/wp-content\/uploads\/2025\/12\/12-1024x683.jpg\" alt=\"\" class=\"wp-image-50721\" srcset=\"https:\/\/www.museogrigio.it\/wp\/wp-content\/uploads\/2025\/12\/12-980x653.jpg 980w, https:\/\/www.museogrigio.it\/wp\/wp-content\/uploads\/2025\/12\/12-480x320.jpg 480w\" sizes=\"auto, (min-width: 0px) and (max-width: 480px) 480px, (min-width: 481px) and (max-width: 980px) 980px, (min-width: 981px) 1024px, 100vw\" \/><\/a><\/figure>\n<\/figure>\n","protected":false},"excerpt":{"rendered":"<p>Il reparto difensivo dell\u2019Alessandria si rinforza con l\u2019arrivo di Papa Bamory Camara. Nato nel 2001 a Bamako (Mali), in possesso del passaporto maliano e senegalese questo possente difensore centrale (1,88 per 86 kg.) ha cominciato la carriera nel Messina per trasferirsi al Fasano, sempre in Serie D. Dopo un\u2019esperienza in Spagna al Real Linense in [&hellip;]<\/p>\n","protected":false},"author":3,"featured_media":50720,"comment_status":"closed","ping_status":"closed","sticky":false,"template":"","format":"standard","meta":{"_et_pb_use_builder":"off","_et_pb_old_content":"","_et_gb_content_width":"","inline_featured_image":false,"_monsterinsights_skip_tracking":false,"_monsterinsights_sitenote_active":false,"_monsterinsights_sitenote_note":"","_monsterinsights_sitenote_category":0,"footnotes":""},"categories":[23,16],"tags":[],"class_list":["post-50719","post","type-post","status-publish","format-standard","has-post-thumbnail","hentry","category-home","category-news"],"yoast_head":"<!-- This site is optimized with the Yoast SEO plugin v26.6 - https:\/\/yoast.com\/wordpress\/plugins\/seo\/ -->\n<title>Camara \u00e8 un giocatore dei Grigi - Museo Grigio<\/title>\n<meta name=\"robots\" content=\"index, follow, max-snippet:-1, max-image-preview:large, max-video-preview:-1\" \/>\n<link rel=\"canonical\" href=\"https:\/\/www.museogrigio.it\/wp\/camara-e-un-giocatore-dei-grigi\/\" \/>\n<meta property=\"og:locale\" content=\"it_IT\" \/>\n<meta property=\"og:type\" content=\"article\" \/>\n<meta property=\"og:title\" content=\"Camara \u00e8 un giocatore dei Grigi - Museo Grigio\" \/>\n<meta property=\"og:description\" content=\"Il reparto difensivo dell\u2019Alessandria si rinforza con l\u2019arrivo di Papa Bamory Camara. Nato nel 2001 a Bamako (Mali), in possesso del passaporto maliano e senegalese questo possente difensore centrale (1,88 per 86 kg.) ha cominciato la carriera nel Messina per trasferirsi al Fasano, sempre in Serie D. Dopo un\u2019esperienza in Spagna al Real Linense in [&hellip;]\" \/>\n<meta property=\"og:url\" content=\"https:\/\/www.museogrigio.it\/wp\/camara-e-un-giocatore-dei-grigi\/\" \/>\n<meta property=\"og:site_name\" content=\"Museo Grigio\" \/>\n<meta property=\"article:published_time\" content=\"2025-12-05T13:51:35+00:00\" \/>\n<meta property=\"article:modified_time\" content=\"2025-12-05T13:51:36+00:00\" \/>\n<meta property=\"og:image\" content=\"https:\/\/www.museogrigio.it\/wp\/wp-content\/uploads\/2025\/12\/Immagine-WhatsApp-2025-12-05-ore-10.31.34_98ff2bb8.jpg\" \/>\n\t<meta property=\"og:image:width\" content=\"1839\" \/>\n\t<meta property=\"og:image:height\" content=\"1499\" \/>\n\t<meta property=\"og:image:type\" content=\"image\/jpeg\" \/>\n<meta name=\"author\" content=\"mgblogger\" \/>\n<meta name=\"twitter:card\" content=\"summary_large_image\" \/>\n<meta name=\"twitter:label1\" content=\"Scritto da\" \/>\n\t<meta name=\"twitter:data1\" content=\"mgblogger\" \/>\n\t<meta name=\"twitter:label2\" content=\"Tempo di lettura stimato\" \/>\n\t<meta name=\"twitter:data2\" content=\"2 minuti\" \/>\n<script type=\"application\/ld+json\" class=\"yoast-schema-graph\">{\"@context\":\"https:\/\/schema.org\",\"@graph\":[{\"@type\":\"WebPage\",\"@id\":\"https:\/\/www.museogrigio.it\/wp\/camara-e-un-giocatore-dei-grigi\/\",\"url\":\"https:\/\/www.museogrigio.it\/wp\/camara-e-un-giocatore-dei-grigi\/\",\"name\":\"Camara \u00e8 un giocatore dei Grigi - Museo Grigio\",\"isPartOf\":{\"@id\":\"https:\/\/www.museogrigio.it\/wp\/#website\"},\"primaryImageOfPage\":{\"@id\":\"https:\/\/www.museogrigio.it\/wp\/camara-e-un-giocatore-dei-grigi\/#primaryimage\"},\"image\":{\"@id\":\"https:\/\/www.museogrigio.it\/wp\/camara-e-un-giocatore-dei-grigi\/#primaryimage\"},\"thumbnailUrl\":\"https:\/\/www.museogrigio.it\/wp\/wp-content\/uploads\/2025\/12\/Immagine-WhatsApp-2025-12-05-ore-10.31.34_98ff2bb8.jpg\",\"datePublished\":\"2025-12-05T13:51:35+00:00\",\"dateModified\":\"2025-12-05T13:51:36+00:00\",\"author\":{\"@id\":\"https:\/\/www.museogrigio.it\/wp\/#\/schema\/person\/7ae7f5a79c8f571fd56d74aabb80b3f3\"},\"breadcrumb\":{\"@id\":\"https:\/\/www.museogrigio.it\/wp\/camara-e-un-giocatore-dei-grigi\/#breadcrumb\"},\"inLanguage\":\"it-IT\",\"potentialAction\":[{\"@type\":\"ReadAction\",\"target\":[\"https:\/\/www.museogrigio.it\/wp\/camara-e-un-giocatore-dei-grigi\/\"]}]},{\"@type\":\"ImageObject\",\"inLanguage\":\"it-IT\",\"@id\":\"https:\/\/www.museogrigio.it\/wp\/camara-e-un-giocatore-dei-grigi\/#primaryimage\",\"url\":\"https:\/\/www.museogrigio.it\/wp\/wp-content\/uploads\/2025\/12\/Immagine-WhatsApp-2025-12-05-ore-10.31.34_98ff2bb8.jpg\",\"contentUrl\":\"https:\/\/www.museogrigio.it\/wp\/wp-content\/uploads\/2025\/12\/Immagine-WhatsApp-2025-12-05-ore-10.31.34_98ff2bb8.jpg\",\"width\":1839,\"height\":1499},{\"@type\":\"BreadcrumbList\",\"@id\":\"https:\/\/www.museogrigio.it\/wp\/camara-e-un-giocatore-dei-grigi\/#breadcrumb\",\"itemListElement\":[{\"@type\":\"ListItem\",\"position\":1,\"name\":\"Home\",\"item\":\"https:\/\/www.museogrigio.it\/wp\/\"},{\"@type\":\"ListItem\",\"position\":2,\"name\":\"Camara \u00e8 un giocatore dei Grigi\"}]},{\"@type\":\"WebSite\",\"@id\":\"https:\/\/www.museogrigio.it\/wp\/#website\",\"url\":\"https:\/\/www.museogrigio.it\/wp\/\",\"name\":\"Museo Grigio\",\"description\":\"Museo Grigio Blog\",\"potentialAction\":[{\"@type\":\"SearchAction\",\"target\":{\"@type\":\"EntryPoint\",\"urlTemplate\":\"https:\/\/www.museogrigio.it\/wp\/?s={search_term_string}\"},\"query-input\":{\"@type\":\"PropertyValueSpecification\",\"valueRequired\":true,\"valueName\":\"search_term_string\"}}],\"inLanguage\":\"it-IT\"},{\"@type\":\"Person\",\"@id\":\"https:\/\/www.museogrigio.it\/wp\/#\/schema\/person\/7ae7f5a79c8f571fd56d74aabb80b3f3\",\"name\":\"mgblogger\",\"image\":{\"@type\":\"ImageObject\",\"inLanguage\":\"it-IT\",\"@id\":\"https:\/\/www.museogrigio.it\/wp\/#\/schema\/person\/image\/\",\"url\":\"https:\/\/secure.gravatar.com\/avatar\/c01466dbaec6f151089fefd81e4e31df853c7b5c4af467acdacd2bda7e1e497a?s=96&d=mm&r=g\",\"contentUrl\":\"https:\/\/secure.gravatar.com\/avatar\/c01466dbaec6f151089fefd81e4e31df853c7b5c4af467acdacd2bda7e1e497a?s=96&d=mm&r=g\",\"caption\":\"mgblogger\"},\"url\":\"https:\/\/www.museogrigio.it\/wp\/author\/mgblogger\/\"}]}<\/script>\n<!-- \/ Yoast SEO plugin. -->","yoast_head_json":{"title":"Camara \u00e8 un giocatore dei Grigi - Museo Grigio","robots":{"index":"index","follow":"follow","max-snippet":"max-snippet:-1","max-image-preview":"max-image-preview:large","max-video-preview":"max-video-preview:-1"},"canonical":"https:\/\/www.museogrigio.it\/wp\/camara-e-un-giocatore-dei-grigi\/","og_locale":"it_IT","og_type":"article","og_title":"Camara \u00e8 un giocatore dei Grigi - Museo Grigio","og_description":"Il reparto difensivo dell\u2019Alessandria si rinforza con l\u2019arrivo di Papa Bamory Camara. Nato nel 2001 a Bamako (Mali), in possesso del passaporto maliano e senegalese questo possente difensore centrale (1,88 per 86 kg.) ha cominciato la carriera nel Messina per trasferirsi al Fasano, sempre in Serie D. Dopo un\u2019esperienza in Spagna al Real Linense in [&hellip;]","og_url":"https:\/\/www.museogrigio.it\/wp\/camara-e-un-giocatore-dei-grigi\/","og_site_name":"Museo Grigio","article_published_time":"2025-12-05T13:51:35+00:00","article_modified_time":"2025-12-05T13:51:36+00:00","og_image":[{"width":1839,"height":1499,"url":"https:\/\/www.museogrigio.it\/wp\/wp-content\/uploads\/2025\/12\/Immagine-WhatsApp-2025-12-05-ore-10.31.34_98ff2bb8.jpg","type":"image\/jpeg"}],"author":"mgblogger","twitter_card":"summary_large_image","twitter_misc":{"Scritto da":"mgblogger","Tempo di lettura stimato":"2 minuti"},"schema":{"@context":"https:\/\/schema.org","@graph":[{"@type":"WebPage","@id":"https:\/\/www.museogrigio.it\/wp\/camara-e-un-giocatore-dei-grigi\/","url":"https:\/\/www.museogrigio.it\/wp\/camara-e-un-giocatore-dei-grigi\/","name":"Camara \u00e8 un giocatore dei Grigi - Museo Grigio","isPartOf":{"@id":"https:\/\/www.museogrigio.it\/wp\/#website"},"primaryImageOfPage":{"@id":"https:\/\/www.museogrigio.it\/wp\/camara-e-un-giocatore-dei-grigi\/#primaryimage"},"image":{"@id":"https:\/\/www.museogrigio.it\/wp\/camara-e-un-giocatore-dei-grigi\/#primaryimage"},"thumbnailUrl":"https:\/\/www.museogrigio.it\/wp\/wp-content\/uploads\/2025\/12\/Immagine-WhatsApp-2025-12-05-ore-10.31.34_98ff2bb8.jpg","datePublished":"2025-12-05T13:51:35+00:00","dateModified":"2025-12-05T13:51:36+00:00","author":{"@id":"https:\/\/www.museogrigio.it\/wp\/#\/schema\/person\/7ae7f5a79c8f571fd56d74aabb80b3f3"},"breadcrumb":{"@id":"https:\/\/www.museogrigio.it\/wp\/camara-e-un-giocatore-dei-grigi\/#breadcrumb"},"inLanguage":"it-IT","potentialAction":[{"@type":"ReadAction","target":["https:\/\/www.museogrigio.it\/wp\/camara-e-un-giocatore-dei-grigi\/"]}]},{"@type":"ImageObject","inLanguage":"it-IT","@id":"https:\/\/www.museogrigio.it\/wp\/camara-e-un-giocatore-dei-grigi\/#primaryimage","url":"https:\/\/www.museogrigio.it\/wp\/wp-content\/uploads\/2025\/12\/Immagine-WhatsApp-2025-12-05-ore-10.31.34_98ff2bb8.jpg","contentUrl":"https:\/\/www.museogrigio.it\/wp\/wp-content\/uploads\/2025\/12\/Immagine-WhatsApp-2025-12-05-ore-10.31.34_98ff2bb8.jpg","width":1839,"height":1499},{"@type":"BreadcrumbList","@id":"https:\/\/www.museogrigio.it\/wp\/camara-e-un-giocatore-dei-grigi\/#breadcrumb","itemListElement":[{"@type":"ListItem","position":1,"name":"Home","item":"https:\/\/www.museogrigio.it\/wp\/"},{"@type":"ListItem","position":2,"name":"Camara \u00e8 un giocatore dei Grigi"}]},{"@type":"WebSite","@id":"https:\/\/www.museogrigio.it\/wp\/#website","url":"https:\/\/www.museogrigio.it\/wp\/","name":"Museo Grigio","description":"Museo Grigio Blog","potentialAction":[{"@type":"SearchAction","target":{"@type":"EntryPoint","urlTemplate":"https:\/\/www.museogrigio.it\/wp\/?s={search_term_string}"},"query-input":{"@type":"PropertyValueSpecification","valueRequired":true,"valueName":"search_term_string"}}],"inLanguage":"it-IT"},{"@type":"Person","@id":"https:\/\/www.museogrigio.it\/wp\/#\/schema\/person\/7ae7f5a79c8f571fd56d74aabb80b3f3","name":"mgblogger","image":{"@type":"ImageObject","inLanguage":"it-IT","@id":"https:\/\/www.museogrigio.it\/wp\/#\/schema\/person\/image\/","url":"https:\/\/secure.gravatar.com\/avatar\/c01466dbaec6f151089fefd81e4e31df853c7b5c4af467acdacd2bda7e1e497a?s=96&d=mm&r=g","contentUrl":"https:\/\/secure.gravatar.com\/avatar\/c01466dbaec6f151089fefd81e4e31df853c7b5c4af467acdacd2bda7e1e497a?s=96&d=mm&r=g","caption":"mgblogger"},"url":"https:\/\/www.museogrigio.it\/wp\/author\/mgblogger\/"}]}},"_links":{"self":[{"href":"https:\/\/www.museogrigio.it\/wp\/wp-json\/wp\/v2\/posts\/50719","targetHints":{"allow":["GET"]}}],"collection":[{"href":"https:\/\/www.museogrigio.it\/wp\/wp-json\/wp\/v2\/posts"}],"about":[{"href":"https:\/\/www.museogrigio.it\/wp\/wp-json\/wp\/v2\/types\/post"}],"author":[{"embeddable":true,"href":"https:\/\/www.museogrigio.it\/wp\/wp-json\/wp\/v2\/users\/3"}],"replies":[{"embeddable":true,"href":"https:\/\/www.museogrigio.it\/wp\/wp-json\/wp\/v2\/comments?post=50719"}],"version-history":[{"count":1,"href":"https:\/\/www.museogrigio.it\/wp\/wp-json\/wp\/v2\/posts\/50719\/revisions"}],"predecessor-version":[{"id":50722,"href":"https:\/\/www.museogrigio.it\/wp\/wp-json\/wp\/v2\/posts\/50719\/revisions\/50722"}],"wp:featuredmedia":[{"embeddable":true,"href":"https:\/\/www.museogrigio.it\/wp\/wp-json\/wp\/v2\/media\/50720"}],"wp:attachment":[{"href":"https:\/\/www.museogrigio.it\/wp\/wp-json\/wp\/v2\/media?parent=50719"}],"wp:term":[{"taxonomy":"category","embeddable":true,"href":"https:\/\/www.museogrigio.it\/wp\/wp-json\/wp\/v2\/categories?post=50719"},{"taxonomy":"post_tag","embeddable":true,"href":"https:\/\/www.museogrigio.it\/wp\/wp-json\/wp\/v2\/tags?post=50719"}],"curies":[{"name":"wp","href":"https:\/\/api.w.org\/{rel}","templated":true}]}}