{"id":48864,"date":"2023-02-11T13:12:02","date_gmt":"2023-02-11T13:12:02","guid":{"rendered":"https:\/\/www.museogrigio.it\/wp\/?p=48864"},"modified":"2023-02-11T15:43:59","modified_gmt":"2023-02-11T15:43:59","slug":"in-questo-stadio-non-mi-riconosco-piu","status":"publish","type":"post","link":"https:\/\/www.museogrigio.it\/wp\/in-questo-stadio-non-mi-riconosco-piu\/","title":{"rendered":"In questo stadio non mi riconosco pi\u00f9"},"content":{"rendered":"\n<figure class=\"wp-block-image size-large\"><a href=\"https:\/\/www.museogrigio.it\/wp\/wp-content\/uploads\/2023\/02\/Ultras-1980-81-09-03-2013-14-19-03.jpg\"><img loading=\"lazy\" decoding=\"async\" width=\"1024\" height=\"774\" src=\"https:\/\/www.museogrigio.it\/wp\/wp-content\/uploads\/2023\/02\/Ultras-1980-81-09-03-2013-14-19-03-1024x774.jpg\" alt=\"\" class=\"wp-image-48868\" srcset=\"https:\/\/www.museogrigio.it\/wp\/wp-content\/uploads\/2023\/02\/Ultras-1980-81-09-03-2013-14-19-03-980x741.jpg 980w, https:\/\/www.museogrigio.it\/wp\/wp-content\/uploads\/2023\/02\/Ultras-1980-81-09-03-2013-14-19-03-480x363.jpg 480w\" sizes=\"auto, (min-width: 0px) and (max-width: 480px) 480px, (min-width: 481px) and (max-width: 980px) 980px, (min-width: 981px) 1024px, 100vw\" \/><\/a><figcaption class=\"wp-element-caption\"><strong><em>I cancelli del &#8220;Moccagatta&#8221; (foto \u00a9 Ilaria Cutuli)<\/em><\/strong><\/figcaption><\/figure>\n\n\n\n<p>Mi \u00e8 stato chiesto espressamente, qualora debba scrivere riguardo a tutto ci\u00f2 che ruota intorno al presidente Luca Di Masi, di farlo a titolo personale, perch\u00e9 <em>Museo Grigio <\/em>non vuole suscitare il nervosismo della tifoseria. Allora <strong>sono ben contento di scrivere a titolo personale per dissociarmi dai toni che la protesta sta elevando sempre<\/strong> pi\u00f9 al punto di produrre come punta dell\u2019iceberg, anche un manifesto di cattivissimo gusto, all\u2019insegna della necrofilia , che offende la fierezza dell\u2019<em>Orso Grigio<\/em> e che non aiuta sicuramente la squadra alla vigilia di una gara molto importante per la conquista della salvezza.<\/p>\n\n\n\n<p><strong>Ognuno di noi ha il diritto di protestare<\/strong>, dopo aver appurato la reale entit\u00e0 delle verit\u00e0 e non solo per sentito dire o per non verit\u00e0 strumentalizzate&nbsp; dalla malafede. <strong>Ognuno di noi ha il diritto di ritenere una persona simpatica oppure antipatica. Ma i toni del dissenso non devono mai sconfinare nell\u2019insulto<\/strong>, sinora passato sotto silenzio anche da parte dei colleghi giornalisti, inasprito da una strategia che arriva addirittura a colpire mogli e figli minorenni con aberranti ricostruzioni del m\u00e9nage familiare. Oppure, per screditare la persona spingersi pure a deriderne il fisico come le orecchie a sventola, strategia che in passato venne purtroppo adottata da infausti partiti per schernire gli avversari politici. Il passo successivo fu la dittatura. Ebbene, <strong>io non accetto pi\u00f9 la dittatura in uno stadio dove, anche davanti a realt\u00e0 incontrovertibili, ti dicono che per esserci devi per forza \u2013 anzi sei obbligato \u2013 a insultare il presidente Di Masi<\/strong>. <strong>No, io in questo stadio non ci metter\u00f2 pi\u00f9 piede, io di questa squadra non scriver\u00f2 pi\u00f9 una sola riga<\/strong>. So che \u00e8 un paradosso, ma tanto amo i Grigi tanto oggi arrivo ad essere disinnamorato. Potrei discutere su tantissimi fatti che non corrispondono a cosa realmente successo, perch\u00e9 la mia deontologia professionale mi ha spinto a indagare i fatti per come si sono svolti, ma non ho pi\u00f9 voglia. Non scriver\u00f2 pi\u00f9 una sola riga perch\u00e9 non accetto che non si possa nemmeno pi\u00f9 pubblicare liberamente nomi di giocatori scritti nelle liste di proscrizione della curva, solo perch\u00e9 hanno avuto la colpa di non sapersela ruffianare. Eppure erano e sono uomini <em>\u201cverticali\u201d<\/em> prima che giocatori. Eppure di loro non si pu\u00f2 nemmeno fare cenno, figurarsi citarli: si scatena il diluvio da tastiera.<\/p>\n\n\n\n<p><strong>Alessandria non cambia mai:<\/strong> c\u2019erano quelli che andavano a tirare le pietre nelle finestre del presidente Remo Sacco, quelli che auguravano di morire a Bruno Cavallo alla vigilia dell\u2019operazione chirurgica al cuore, quelli che fecero andare via i fratelli Calleri, quelli che insultarono Gino Amisano ed anche quelli che ancora oggi recriminano con Gianni Bianchi. Dal 1912 ad oggi l\u2019Alessandria ne ha viste di cotte e di crude, compresi presidenti che hanno spolpato le casse sino a vendersi i cimeli della sede. Oggi lamentarsi di gamba sana fa alquanto specie.<\/p>\n\n\n\n<p>Non sto nemmeno ad elencare <strong>le colpe che anche Di Masi ha avuto e ha<\/strong>. Non mi va pi\u00f9. Io mi sarei aspettato, soprattutto in questo momento delicato dal punto di vista tecnico con ogni partita che \u00e8 come una finale da vincere assolutamente per raggiungere al pi\u00f9 presto la salvezza, un grande atto di responsabilit\u00e0 nel placare ogni polemica per dedicarsi solo ad un massiccio sostegno ai ragazzi in campo. <strong>Mi sarei aspettato manifesti di sostegno alla squadra, di invito alla gente a recarsi allo stadio per non far sentire soli i giocatori, non strumenti per amplificare ed esasperare il dissenso<\/strong>. Mi aspetterei di rivedere allo stadio il presidente.<\/p>\n\n\n\n<p>Essere tifosi \u00e8 una cosa seria, essere giornalisti altrettanto. Entrambi i ruoli dovrebbero rifiutare l\u2019intolleranza, in una parola, la faziosit\u00e0, soprattutto quella pi\u00f9 turpe. Ecco perch\u00e9 <strong>io non voglio pi\u00f9 far parte del gioco<\/strong>, perch\u00e9 non accetto pi\u00f9 l\u2019alternativa: fai parte dei <em>\u201cbeati\u201d <\/em>se con le pagine di <em>Museo Grigio <\/em>fiancheggi il contumelioso attacco a Di Masi, dici solo cazzate se ad esempio ricordi che sono dieci anni di sua presidenza.<\/p>\n\n\n\n<p>Adesso mi si mescola tutto nella testa e corro il rischio di arrivare a non capire pi\u00f9 se la vita fa schifo perch\u00e9 il <em>Roccopizzopapero<\/em> di Torino fa realmente schifo.<\/p>\n\n\n\n<p>Sentimento che ha meritato e meriterebbe pagine e pagine, ma qui voglio solo parlare della mia delusione e della scelta di farmi da parte.<\/p>\n\n\n\n<p>E penso a quelli che sono arrivati addirittura a dire che a questo punto sarebbe meglio ritornare ad andare in massa a Castellazzo, Canelli o Cerano piuttosto che continuare ad avere questo presidente, ma credetemi, e lo sapete, non \u00e8 la stessa cosa. <strong>\u00c8 come la pizza bianca rispetto alla pizza bianca con la mortazza\u2026 E dai!!!<\/strong><\/p>\n\n\n\n<p>Sono stufo di uno stadio dove si sentono solo pi\u00f9 chiacchiere da bar, da aperitivo, da pub, anche da ristorante ogni tanto. Sono stufo di colleghi giornalisti di altre realt\u00e0 italiane che vogliono sapere, anche con una certa dose di interesse:<\/p>\n\n\n\n<p>&#8211; Ma anche <em>Museo Grigio <\/em>chiede che Di Masi debba andarsene?<\/p>\n\n\n\n<p>&#8211; Io rispondo che <strong>io penso solo a scrivere quello che vedo e interpreto con il mio intelletto di uomo libero<\/strong>.<\/p>\n\n\n\n<p>Ecco allora che mi sento di sostenere che &nbsp;tifare Grigi in questo specifico momento \u00e8 un\u2019altra cosa da quello che sta accadendo&#8230; decisamente pi\u00f9 ampia, profonda ed emozionante.<\/p>\n\n\n\n<p>Se il <em>Roccopizzopapero <\/em>perder\u00e0, pazienza, dormirete lo stesso il sonno dei giusti, non penserete che il destino si sia ritorto contro di noi tutti n\u00e9 che la vita sia uno schifo, <strong>cercherete un piano D per godervi il campionato quando ricomincer\u00e0 su improponibili campi di periferia. Poi ritornerete a&nbsp; riempire di insulti un altro presidente<\/strong> e tutti quelli che la pensano in un altro modo. <strong>\u00c8 la giostra che gira. Ma \u00e8 sempre la stessa giostra<\/strong>. In una citt\u00e0 che muore sempre pi\u00f9 nella mediocrit\u00e0 di un stupido provincialismo.<\/p>\n\n\n\n<p class=\"has-text-align-right\"><strong><em>Mario Bocchio<\/em><\/strong><\/p>\n","protected":false},"excerpt":{"rendered":"<p>Mi \u00e8 stato chiesto espressamente, qualora debba scrivere riguardo a tutto ci\u00f2 che ruota intorno al presidente Luca Di Masi, di farlo a titolo personale, perch\u00e9 Museo Grigio non vuole suscitare il nervosismo della tifoseria. Allora sono ben contento di scrivere a titolo personale per dissociarmi dai toni che la protesta sta elevando sempre pi\u00f9 [&hellip;]<\/p>\n","protected":false},"author":3,"featured_media":48868,"comment_status":"closed","ping_status":"closed","sticky":false,"template":"","format":"standard","meta":{"_et_pb_use_builder":"off","_et_pb_old_content":"","_et_gb_content_width":"","inline_featured_image":false,"_monsterinsights_skip_tracking":false,"_monsterinsights_sitenote_active":false,"_monsterinsights_sitenote_note":"","_monsterinsights_sitenote_category":0,"footnotes":""},"categories":[23,16,20],"tags":[25,78,50,51],"class_list":["post-48864","post","type-post","status-publish","format-standard","has-post-thumbnail","hentry","category-home","category-news","category-tifosi-doc","tag-alessandria","tag-dimasi","tag-tifo","tag-tifosi"],"yoast_head":"<!-- This site is optimized with the Yoast SEO plugin v26.6 - https:\/\/yoast.com\/wordpress\/plugins\/seo\/ -->\n<title>In questo stadio non mi riconosco pi\u00f9 - Museo Grigio<\/title>\n<meta name=\"robots\" content=\"index, follow, max-snippet:-1, max-image-preview:large, max-video-preview:-1\" \/>\n<link rel=\"canonical\" href=\"https:\/\/www.museogrigio.it\/wp\/in-questo-stadio-non-mi-riconosco-piu\/\" \/>\n<meta property=\"og:locale\" content=\"it_IT\" \/>\n<meta property=\"og:type\" content=\"article\" \/>\n<meta property=\"og:title\" content=\"In questo stadio non mi riconosco pi\u00f9 - Museo Grigio\" \/>\n<meta property=\"og:description\" content=\"Mi \u00e8 stato chiesto espressamente, qualora debba scrivere riguardo a tutto ci\u00f2 che ruota intorno al presidente Luca Di Masi, di farlo a titolo personale, perch\u00e9 Museo Grigio non vuole suscitare il nervosismo della tifoseria. Allora sono ben contento di scrivere a titolo personale per dissociarmi dai toni che la protesta sta elevando sempre pi\u00f9 [&hellip;]\" \/>\n<meta property=\"og:url\" content=\"https:\/\/www.museogrigio.it\/wp\/in-questo-stadio-non-mi-riconosco-piu\/\" \/>\n<meta property=\"og:site_name\" content=\"Museo Grigio\" \/>\n<meta property=\"article:published_time\" content=\"2023-02-11T13:12:02+00:00\" \/>\n<meta property=\"article:modified_time\" content=\"2023-02-11T15:43:59+00:00\" \/>\n<meta property=\"og:image\" content=\"https:\/\/www.museogrigio.it\/wp\/wp-content\/uploads\/2023\/02\/Ultras-1980-81-09-03-2013-14-19-03.jpg\" \/>\n\t<meta property=\"og:image:width\" content=\"2032\" \/>\n\t<meta property=\"og:image:height\" content=\"1536\" \/>\n\t<meta property=\"og:image:type\" content=\"image\/jpeg\" \/>\n<meta name=\"author\" content=\"mgblogger\" \/>\n<meta name=\"twitter:card\" content=\"summary_large_image\" \/>\n<meta name=\"twitter:label1\" content=\"Scritto da\" \/>\n\t<meta name=\"twitter:data1\" content=\"mgblogger\" \/>\n\t<meta name=\"twitter:label2\" content=\"Tempo di lettura stimato\" \/>\n\t<meta name=\"twitter:data2\" content=\"6 minuti\" \/>\n<script type=\"application\/ld+json\" class=\"yoast-schema-graph\">{\"@context\":\"https:\/\/schema.org\",\"@graph\":[{\"@type\":\"WebPage\",\"@id\":\"https:\/\/www.museogrigio.it\/wp\/in-questo-stadio-non-mi-riconosco-piu\/\",\"url\":\"https:\/\/www.museogrigio.it\/wp\/in-questo-stadio-non-mi-riconosco-piu\/\",\"name\":\"In questo stadio non mi riconosco pi\u00f9 - Museo Grigio\",\"isPartOf\":{\"@id\":\"https:\/\/www.museogrigio.it\/wp\/#website\"},\"primaryImageOfPage\":{\"@id\":\"https:\/\/www.museogrigio.it\/wp\/in-questo-stadio-non-mi-riconosco-piu\/#primaryimage\"},\"image\":{\"@id\":\"https:\/\/www.museogrigio.it\/wp\/in-questo-stadio-non-mi-riconosco-piu\/#primaryimage\"},\"thumbnailUrl\":\"https:\/\/www.museogrigio.it\/wp\/wp-content\/uploads\/2023\/02\/Ultras-1980-81-09-03-2013-14-19-03.jpg\",\"datePublished\":\"2023-02-11T13:12:02+00:00\",\"dateModified\":\"2023-02-11T15:43:59+00:00\",\"author\":{\"@id\":\"https:\/\/www.museogrigio.it\/wp\/#\/schema\/person\/7ae7f5a79c8f571fd56d74aabb80b3f3\"},\"breadcrumb\":{\"@id\":\"https:\/\/www.museogrigio.it\/wp\/in-questo-stadio-non-mi-riconosco-piu\/#breadcrumb\"},\"inLanguage\":\"it-IT\",\"potentialAction\":[{\"@type\":\"ReadAction\",\"target\":[\"https:\/\/www.museogrigio.it\/wp\/in-questo-stadio-non-mi-riconosco-piu\/\"]}]},{\"@type\":\"ImageObject\",\"inLanguage\":\"it-IT\",\"@id\":\"https:\/\/www.museogrigio.it\/wp\/in-questo-stadio-non-mi-riconosco-piu\/#primaryimage\",\"url\":\"https:\/\/www.museogrigio.it\/wp\/wp-content\/uploads\/2023\/02\/Ultras-1980-81-09-03-2013-14-19-03.jpg\",\"contentUrl\":\"https:\/\/www.museogrigio.it\/wp\/wp-content\/uploads\/2023\/02\/Ultras-1980-81-09-03-2013-14-19-03.jpg\",\"width\":2032,\"height\":1536},{\"@type\":\"BreadcrumbList\",\"@id\":\"https:\/\/www.museogrigio.it\/wp\/in-questo-stadio-non-mi-riconosco-piu\/#breadcrumb\",\"itemListElement\":[{\"@type\":\"ListItem\",\"position\":1,\"name\":\"Home\",\"item\":\"https:\/\/www.museogrigio.it\/wp\/\"},{\"@type\":\"ListItem\",\"position\":2,\"name\":\"In questo stadio non mi riconosco pi\u00f9\"}]},{\"@type\":\"WebSite\",\"@id\":\"https:\/\/www.museogrigio.it\/wp\/#website\",\"url\":\"https:\/\/www.museogrigio.it\/wp\/\",\"name\":\"Museo Grigio\",\"description\":\"Museo Grigio Blog\",\"potentialAction\":[{\"@type\":\"SearchAction\",\"target\":{\"@type\":\"EntryPoint\",\"urlTemplate\":\"https:\/\/www.museogrigio.it\/wp\/?s={search_term_string}\"},\"query-input\":{\"@type\":\"PropertyValueSpecification\",\"valueRequired\":true,\"valueName\":\"search_term_string\"}}],\"inLanguage\":\"it-IT\"},{\"@type\":\"Person\",\"@id\":\"https:\/\/www.museogrigio.it\/wp\/#\/schema\/person\/7ae7f5a79c8f571fd56d74aabb80b3f3\",\"name\":\"mgblogger\",\"image\":{\"@type\":\"ImageObject\",\"inLanguage\":\"it-IT\",\"@id\":\"https:\/\/www.museogrigio.it\/wp\/#\/schema\/person\/image\/\",\"url\":\"https:\/\/secure.gravatar.com\/avatar\/c01466dbaec6f151089fefd81e4e31df853c7b5c4af467acdacd2bda7e1e497a?s=96&d=mm&r=g\",\"contentUrl\":\"https:\/\/secure.gravatar.com\/avatar\/c01466dbaec6f151089fefd81e4e31df853c7b5c4af467acdacd2bda7e1e497a?s=96&d=mm&r=g\",\"caption\":\"mgblogger\"},\"url\":\"https:\/\/www.museogrigio.it\/wp\/author\/mgblogger\/\"}]}<\/script>\n<!-- \/ Yoast SEO plugin. -->","yoast_head_json":{"title":"In questo stadio non mi riconosco pi\u00f9 - Museo Grigio","robots":{"index":"index","follow":"follow","max-snippet":"max-snippet:-1","max-image-preview":"max-image-preview:large","max-video-preview":"max-video-preview:-1"},"canonical":"https:\/\/www.museogrigio.it\/wp\/in-questo-stadio-non-mi-riconosco-piu\/","og_locale":"it_IT","og_type":"article","og_title":"In questo stadio non mi riconosco pi\u00f9 - Museo Grigio","og_description":"Mi \u00e8 stato chiesto espressamente, qualora debba scrivere riguardo a tutto ci\u00f2 che ruota intorno al presidente Luca Di Masi, di farlo a titolo personale, perch\u00e9 Museo Grigio non vuole suscitare il nervosismo della tifoseria. Allora sono ben contento di scrivere a titolo personale per dissociarmi dai toni che la protesta sta elevando sempre pi\u00f9 [&hellip;]","og_url":"https:\/\/www.museogrigio.it\/wp\/in-questo-stadio-non-mi-riconosco-piu\/","og_site_name":"Museo Grigio","article_published_time":"2023-02-11T13:12:02+00:00","article_modified_time":"2023-02-11T15:43:59+00:00","og_image":[{"width":2032,"height":1536,"url":"https:\/\/www.museogrigio.it\/wp\/wp-content\/uploads\/2023\/02\/Ultras-1980-81-09-03-2013-14-19-03.jpg","type":"image\/jpeg"}],"author":"mgblogger","twitter_card":"summary_large_image","twitter_misc":{"Scritto da":"mgblogger","Tempo di lettura stimato":"6 minuti"},"schema":{"@context":"https:\/\/schema.org","@graph":[{"@type":"WebPage","@id":"https:\/\/www.museogrigio.it\/wp\/in-questo-stadio-non-mi-riconosco-piu\/","url":"https:\/\/www.museogrigio.it\/wp\/in-questo-stadio-non-mi-riconosco-piu\/","name":"In questo stadio non mi riconosco pi\u00f9 - Museo Grigio","isPartOf":{"@id":"https:\/\/www.museogrigio.it\/wp\/#website"},"primaryImageOfPage":{"@id":"https:\/\/www.museogrigio.it\/wp\/in-questo-stadio-non-mi-riconosco-piu\/#primaryimage"},"image":{"@id":"https:\/\/www.museogrigio.it\/wp\/in-questo-stadio-non-mi-riconosco-piu\/#primaryimage"},"thumbnailUrl":"https:\/\/www.museogrigio.it\/wp\/wp-content\/uploads\/2023\/02\/Ultras-1980-81-09-03-2013-14-19-03.jpg","datePublished":"2023-02-11T13:12:02+00:00","dateModified":"2023-02-11T15:43:59+00:00","author":{"@id":"https:\/\/www.museogrigio.it\/wp\/#\/schema\/person\/7ae7f5a79c8f571fd56d74aabb80b3f3"},"breadcrumb":{"@id":"https:\/\/www.museogrigio.it\/wp\/in-questo-stadio-non-mi-riconosco-piu\/#breadcrumb"},"inLanguage":"it-IT","potentialAction":[{"@type":"ReadAction","target":["https:\/\/www.museogrigio.it\/wp\/in-questo-stadio-non-mi-riconosco-piu\/"]}]},{"@type":"ImageObject","inLanguage":"it-IT","@id":"https:\/\/www.museogrigio.it\/wp\/in-questo-stadio-non-mi-riconosco-piu\/#primaryimage","url":"https:\/\/www.museogrigio.it\/wp\/wp-content\/uploads\/2023\/02\/Ultras-1980-81-09-03-2013-14-19-03.jpg","contentUrl":"https:\/\/www.museogrigio.it\/wp\/wp-content\/uploads\/2023\/02\/Ultras-1980-81-09-03-2013-14-19-03.jpg","width":2032,"height":1536},{"@type":"BreadcrumbList","@id":"https:\/\/www.museogrigio.it\/wp\/in-questo-stadio-non-mi-riconosco-piu\/#breadcrumb","itemListElement":[{"@type":"ListItem","position":1,"name":"Home","item":"https:\/\/www.museogrigio.it\/wp\/"},{"@type":"ListItem","position":2,"name":"In questo stadio non mi riconosco pi\u00f9"}]},{"@type":"WebSite","@id":"https:\/\/www.museogrigio.it\/wp\/#website","url":"https:\/\/www.museogrigio.it\/wp\/","name":"Museo Grigio","description":"Museo Grigio Blog","potentialAction":[{"@type":"SearchAction","target":{"@type":"EntryPoint","urlTemplate":"https:\/\/www.museogrigio.it\/wp\/?s={search_term_string}"},"query-input":{"@type":"PropertyValueSpecification","valueRequired":true,"valueName":"search_term_string"}}],"inLanguage":"it-IT"},{"@type":"Person","@id":"https:\/\/www.museogrigio.it\/wp\/#\/schema\/person\/7ae7f5a79c8f571fd56d74aabb80b3f3","name":"mgblogger","image":{"@type":"ImageObject","inLanguage":"it-IT","@id":"https:\/\/www.museogrigio.it\/wp\/#\/schema\/person\/image\/","url":"https:\/\/secure.gravatar.com\/avatar\/c01466dbaec6f151089fefd81e4e31df853c7b5c4af467acdacd2bda7e1e497a?s=96&d=mm&r=g","contentUrl":"https:\/\/secure.gravatar.com\/avatar\/c01466dbaec6f151089fefd81e4e31df853c7b5c4af467acdacd2bda7e1e497a?s=96&d=mm&r=g","caption":"mgblogger"},"url":"https:\/\/www.museogrigio.it\/wp\/author\/mgblogger\/"}]}},"_links":{"self":[{"href":"https:\/\/www.museogrigio.it\/wp\/wp-json\/wp\/v2\/posts\/48864","targetHints":{"allow":["GET"]}}],"collection":[{"href":"https:\/\/www.museogrigio.it\/wp\/wp-json\/wp\/v2\/posts"}],"about":[{"href":"https:\/\/www.museogrigio.it\/wp\/wp-json\/wp\/v2\/types\/post"}],"author":[{"embeddable":true,"href":"https:\/\/www.museogrigio.it\/wp\/wp-json\/wp\/v2\/users\/3"}],"replies":[{"embeddable":true,"href":"https:\/\/www.museogrigio.it\/wp\/wp-json\/wp\/v2\/comments?post=48864"}],"version-history":[{"count":3,"href":"https:\/\/www.museogrigio.it\/wp\/wp-json\/wp\/v2\/posts\/48864\/revisions"}],"predecessor-version":[{"id":48869,"href":"https:\/\/www.museogrigio.it\/wp\/wp-json\/wp\/v2\/posts\/48864\/revisions\/48869"}],"wp:featuredmedia":[{"embeddable":true,"href":"https:\/\/www.museogrigio.it\/wp\/wp-json\/wp\/v2\/media\/48868"}],"wp:attachment":[{"href":"https:\/\/www.museogrigio.it\/wp\/wp-json\/wp\/v2\/media?parent=48864"}],"wp:term":[{"taxonomy":"category","embeddable":true,"href":"https:\/\/www.museogrigio.it\/wp\/wp-json\/wp\/v2\/categories?post=48864"},{"taxonomy":"post_tag","embeddable":true,"href":"https:\/\/www.museogrigio.it\/wp\/wp-json\/wp\/v2\/tags?post=48864"}],"curies":[{"name":"wp","href":"https:\/\/api.w.org\/{rel}","templated":true}]}}