{"id":48848,"date":"2023-02-06T21:12:56","date_gmt":"2023-02-06T21:12:56","guid":{"rendered":"https:\/\/www.museogrigio.it\/wp\/?p=48848"},"modified":"2023-02-06T21:12:59","modified_gmt":"2023-02-06T21:12:59","slug":"dieci-anni-di-di-masi-tra-alti-e-bassi","status":"publish","type":"post","link":"https:\/\/www.museogrigio.it\/wp\/dieci-anni-di-di-masi-tra-alti-e-bassi\/","title":{"rendered":"Dieci anni di Di Masi tra alti e bassi"},"content":{"rendered":"\n<figure class=\"wp-block-image size-large is-resized\"><a href=\"https:\/\/www.museogrigio.it\/wp\/wp-content\/uploads\/2023\/02\/1644172432301.jpg\"><img loading=\"lazy\" decoding=\"async\" src=\"https:\/\/www.museogrigio.it\/wp\/wp-content\/uploads\/2023\/02\/1644172432301-1024x609.jpg\" alt=\"\" class=\"wp-image-48851\" width=\"822\" height=\"488\"\/><\/a><figcaption class=\"wp-element-caption\"><strong><em>2013, Luca Di Masi \u00e8 appena diventato il presidente dell&#8217;Alessandria Calcio (foto \u00a9 &#8220;Il Piccolo&#8221;)<\/em><\/strong><\/figcaption><\/figure>\n\n\n\n<p><strong>Oggi \u00e8 luned\u00ec 6 febbraio 2023. Esattamente dieci anni fa, era un mercoled\u00ec, Luca di Masi diventava proprietario e presidente dell\u2019Alessandria Calcio.<\/strong> L\u2019anniversario cade nel momento pi\u00f9 triste di tutto questo periodo con l<strong>a squadra, fortemente ridimensionata, pericolante in classifica e con la dirigenza contestata dalla tifoseria<\/strong>. Di Masi sta cercando di vendere la societ\u00e0 ma per il momento mancano i compratori seri.<\/p>\n\n\n\n<figure class=\"wp-block-image size-full\"><a href=\"https:\/\/www.museogrigio.it\/wp\/wp-content\/uploads\/2023\/02\/Immagine-2022-09-11-185542.jpg\"><img loading=\"lazy\" decoding=\"async\" width=\"860\" height=\"568\" src=\"https:\/\/www.museogrigio.it\/wp\/wp-content\/uploads\/2023\/02\/Immagine-2022-09-11-185542.jpg\" alt=\"\" class=\"wp-image-48852\" srcset=\"https:\/\/www.museogrigio.it\/wp\/wp-content\/uploads\/2023\/02\/Immagine-2022-09-11-185542.jpg 860w, https:\/\/www.museogrigio.it\/wp\/wp-content\/uploads\/2023\/02\/Immagine-2022-09-11-185542-480x317.jpg 480w\" sizes=\"auto, (min-width: 0px) and (max-width: 480px) 480px, (min-width: 481px) 860px, 100vw\" \/><\/a><figcaption class=\"wp-element-caption\"><strong><em>La contestazione attuale (foto \u00a9 Alberto Gandolfo)<\/em><\/strong><\/figcaption><\/figure>\n\n\n\n<p><strong>Negli alti e bassi della vita di una squadra di calcio ci sta tutto:<\/strong> l\u2019esaltazione come la contestazione che talvolta trascende; anche nel caso dell\u2019Alessandria dell\u2019ultimo decennio c\u2019\u00e8 stato tutto a partire dalla faticosa risalita in Lega Pro delle prime stagioni quando il campionato di Serie C ha abbandonato la formula delle due divisioni per tornare al formato degli anni \u201860-\u201970. Fase a cui ne \u00e8 seguita un\u2019altra che ha portato con s\u00e9 soprattutto <strong>l\u2019esodo biblico verso Torino e Milano per le due semifinali di Coppa Italia, evento che poi ha portato alla modifica nello svolgimento della Coppa Nazionale<\/strong> (escluse le squadre di C, non sia mai che capiti di nuovo \u2026).<\/p>\n\n\n\n<figure class=\"wp-block-image size-full is-resized\"><a href=\"https:\/\/www.museogrigio.it\/wp\/wp-content\/uploads\/2021\/02\/DiMasi-Genova.png\"><img loading=\"lazy\" decoding=\"async\" src=\"https:\/\/www.museogrigio.it\/wp\/wp-content\/uploads\/2021\/02\/DiMasi-Genova.png\" alt=\"\" class=\"wp-image-22156\" width=\"824\" height=\"468\" srcset=\"https:\/\/www.museogrigio.it\/wp\/wp-content\/uploads\/2021\/02\/DiMasi-Genova.png 659w, https:\/\/www.museogrigio.it\/wp\/wp-content\/uploads\/2021\/02\/DiMasi-Genova-300x170.png 300w, https:\/\/www.museogrigio.it\/wp\/wp-content\/uploads\/2021\/02\/DiMasi-Genova-624x354.png 624w\" sizes=\"auto, (max-width: 824px) 100vw, 824px\" \/><\/a><figcaption class=\"wp-element-caption\"><strong><em>Le notti magiche della &#8220;TimCup&#8221;<\/em><\/strong><\/figcaption><\/figure>\n\n\n\n<p>Da l\u00ec a stretto giro di posta ci sono state le \u2026 montagne russe dell\u2019annata 2016-\u201917 culminata con la doppia terribile delusione di <strong>uno svantaggio enorme sfumato sul traguardo<\/strong> e con la sconfitta nella finale dei playoff. <strong>Poi il primo ridimensionamento<\/strong>, <strong>il cambio della politica sportiva, la risalita, la bella cavalcata con la vittoria nella Coppa Italia di categoria<\/strong>. Un paio di stagioni anonime in campionato, l<strong>a pandemia e la inaspettata \u2013 e sotto molti aspetti imprevista \u2013 promozione in Serie B al termine di una emozionante serie di calci di rigore.<\/strong><\/p>\n\n\n\n<figure class=\"wp-block-image size-large\"><a href=\"https:\/\/www.museogrigio.it\/wp\/wp-content\/uploads\/2021\/02\/Luca-Di-Masi-1.jpeg\"><img loading=\"lazy\" decoding=\"async\" width=\"1024\" height=\"768\" src=\"https:\/\/www.museogrigio.it\/wp\/wp-content\/uploads\/2021\/02\/Luca-Di-Masi-1-1024x768.jpeg\" alt=\"\" class=\"wp-image-43800\" srcset=\"https:\/\/www.museogrigio.it\/wp\/wp-content\/uploads\/2021\/02\/Luca-Di-Masi-1-980x735.jpeg 980w, https:\/\/www.museogrigio.it\/wp\/wp-content\/uploads\/2021\/02\/Luca-Di-Masi-1-480x360.jpeg 480w\" sizes=\"auto, (min-width: 0px) and (max-width: 480px) 480px, (min-width: 481px) and (max-width: 980px) 980px, (min-width: 981px) 1024px, 100vw\" \/><\/a><figcaption class=\"wp-element-caption\"><strong><em>La vittoria della Coppa Italia di Lega Pro<\/em><\/strong><\/figcaption><\/figure>\n\n\n\n<p>La passata stagione \u00e8 ancora nella mente di tutti anche se alcuni aspetti dell\u2019annata sportiva dovranno essere chiariti e in futuro, forse, si capiranno meglio. <strong>La situazione odierna dopo il totale repulisti della scorsa estate \u00e8 triste<\/strong>, difficile ma non del tutto compromessa. Un pizzico di ottimismo, dovuto forse pi\u00f9 al lento cammino delle avversarie che al rendimento dei Grigi, <strong>ci induce a credere che il prossimo anno la gloriosa Alessandria, oggi alla vigilia del suo 111\u00b0 compleanno, sar\u00e0 ancora in Serie C!<\/strong><\/p>\n\n\n\n<p class=\"has-text-align-right\"><em><strong>Sergio Giovanelli<\/strong><\/em><\/p>\n","protected":false},"excerpt":{"rendered":"<p>Oggi \u00e8 luned\u00ec 6 febbraio 2023. Esattamente dieci anni fa, era un mercoled\u00ec, Luca di Masi diventava proprietario e presidente dell\u2019Alessandria Calcio. L\u2019anniversario cade nel momento pi\u00f9 triste di tutto questo periodo con la squadra, fortemente ridimensionata, pericolante in classifica e con la dirigenza contestata dalla tifoseria. Di Masi sta cercando di vendere la societ\u00e0 [&hellip;]<\/p>\n","protected":false},"author":3,"featured_media":48851,"comment_status":"closed","ping_status":"closed","sticky":false,"template":"","format":"standard","meta":{"_et_pb_use_builder":"off","_et_pb_old_content":"","_et_gb_content_width":"","inline_featured_image":false,"_monsterinsights_skip_tracking":false,"_monsterinsights_sitenote_active":false,"_monsterinsights_sitenote_note":"","_monsterinsights_sitenote_category":0,"footnotes":""},"categories":[23,16,14],"tags":[25,33,78,76,317,146,552],"class_list":["post-48848","post","type-post","status-publish","format-standard","has-post-thumbnail","hentry","category-home","category-news","category-racconti-da-grigi","tag-alessandria","tag-coppaitalia","tag-dimasi","tag-serieb","tag-seriec","tag-storia","tag-timcup"],"yoast_head":"<!-- This site is optimized with the Yoast SEO plugin v26.6 - https:\/\/yoast.com\/wordpress\/plugins\/seo\/ -->\n<title>Dieci anni di Di Masi tra alti e bassi - Museo Grigio<\/title>\n<meta name=\"robots\" content=\"index, follow, max-snippet:-1, max-image-preview:large, max-video-preview:-1\" \/>\n<link rel=\"canonical\" href=\"https:\/\/www.museogrigio.it\/wp\/dieci-anni-di-di-masi-tra-alti-e-bassi\/\" \/>\n<meta property=\"og:locale\" content=\"it_IT\" \/>\n<meta property=\"og:type\" content=\"article\" \/>\n<meta property=\"og:title\" content=\"Dieci anni di Di Masi tra alti e bassi - Museo Grigio\" \/>\n<meta property=\"og:description\" content=\"Oggi \u00e8 luned\u00ec 6 febbraio 2023. Esattamente dieci anni fa, era un mercoled\u00ec, Luca di Masi diventava proprietario e presidente dell\u2019Alessandria Calcio. L\u2019anniversario cade nel momento pi\u00f9 triste di tutto questo periodo con la squadra, fortemente ridimensionata, pericolante in classifica e con la dirigenza contestata dalla tifoseria. Di Masi sta cercando di vendere la societ\u00e0 [&hellip;]\" \/>\n<meta property=\"og:url\" content=\"https:\/\/www.museogrigio.it\/wp\/dieci-anni-di-di-masi-tra-alti-e-bassi\/\" \/>\n<meta property=\"og:site_name\" content=\"Museo Grigio\" \/>\n<meta property=\"article:published_time\" content=\"2023-02-06T21:12:56+00:00\" \/>\n<meta property=\"article:modified_time\" content=\"2023-02-06T21:12:59+00:00\" \/>\n<meta property=\"og:image\" content=\"https:\/\/www.museogrigio.it\/wp\/wp-content\/uploads\/2023\/02\/1644172432301.jpg\" \/>\n\t<meta property=\"og:image:width\" content=\"1920\" \/>\n\t<meta property=\"og:image:height\" content=\"1142\" \/>\n\t<meta property=\"og:image:type\" content=\"image\/jpeg\" \/>\n<meta name=\"author\" content=\"mgblogger\" \/>\n<meta name=\"twitter:card\" content=\"summary_large_image\" \/>\n<meta name=\"twitter:label1\" content=\"Scritto da\" \/>\n\t<meta name=\"twitter:data1\" content=\"mgblogger\" \/>\n\t<meta name=\"twitter:label2\" content=\"Tempo di lettura stimato\" \/>\n\t<meta name=\"twitter:data2\" content=\"3 minuti\" \/>\n<script type=\"application\/ld+json\" class=\"yoast-schema-graph\">{\"@context\":\"https:\/\/schema.org\",\"@graph\":[{\"@type\":\"WebPage\",\"@id\":\"https:\/\/www.museogrigio.it\/wp\/dieci-anni-di-di-masi-tra-alti-e-bassi\/\",\"url\":\"https:\/\/www.museogrigio.it\/wp\/dieci-anni-di-di-masi-tra-alti-e-bassi\/\",\"name\":\"Dieci anni di Di Masi tra alti e bassi - Museo Grigio\",\"isPartOf\":{\"@id\":\"https:\/\/www.museogrigio.it\/wp\/#website\"},\"primaryImageOfPage\":{\"@id\":\"https:\/\/www.museogrigio.it\/wp\/dieci-anni-di-di-masi-tra-alti-e-bassi\/#primaryimage\"},\"image\":{\"@id\":\"https:\/\/www.museogrigio.it\/wp\/dieci-anni-di-di-masi-tra-alti-e-bassi\/#primaryimage\"},\"thumbnailUrl\":\"https:\/\/www.museogrigio.it\/wp\/wp-content\/uploads\/2023\/02\/1644172432301.jpg\",\"datePublished\":\"2023-02-06T21:12:56+00:00\",\"dateModified\":\"2023-02-06T21:12:59+00:00\",\"author\":{\"@id\":\"https:\/\/www.museogrigio.it\/wp\/#\/schema\/person\/7ae7f5a79c8f571fd56d74aabb80b3f3\"},\"breadcrumb\":{\"@id\":\"https:\/\/www.museogrigio.it\/wp\/dieci-anni-di-di-masi-tra-alti-e-bassi\/#breadcrumb\"},\"inLanguage\":\"it-IT\",\"potentialAction\":[{\"@type\":\"ReadAction\",\"target\":[\"https:\/\/www.museogrigio.it\/wp\/dieci-anni-di-di-masi-tra-alti-e-bassi\/\"]}]},{\"@type\":\"ImageObject\",\"inLanguage\":\"it-IT\",\"@id\":\"https:\/\/www.museogrigio.it\/wp\/dieci-anni-di-di-masi-tra-alti-e-bassi\/#primaryimage\",\"url\":\"https:\/\/www.museogrigio.it\/wp\/wp-content\/uploads\/2023\/02\/1644172432301.jpg\",\"contentUrl\":\"https:\/\/www.museogrigio.it\/wp\/wp-content\/uploads\/2023\/02\/1644172432301.jpg\",\"width\":1920,\"height\":1142},{\"@type\":\"BreadcrumbList\",\"@id\":\"https:\/\/www.museogrigio.it\/wp\/dieci-anni-di-di-masi-tra-alti-e-bassi\/#breadcrumb\",\"itemListElement\":[{\"@type\":\"ListItem\",\"position\":1,\"name\":\"Home\",\"item\":\"https:\/\/www.museogrigio.it\/wp\/\"},{\"@type\":\"ListItem\",\"position\":2,\"name\":\"Dieci anni di Di Masi tra alti e bassi\"}]},{\"@type\":\"WebSite\",\"@id\":\"https:\/\/www.museogrigio.it\/wp\/#website\",\"url\":\"https:\/\/www.museogrigio.it\/wp\/\",\"name\":\"Museo Grigio\",\"description\":\"Museo Grigio Blog\",\"potentialAction\":[{\"@type\":\"SearchAction\",\"target\":{\"@type\":\"EntryPoint\",\"urlTemplate\":\"https:\/\/www.museogrigio.it\/wp\/?s={search_term_string}\"},\"query-input\":{\"@type\":\"PropertyValueSpecification\",\"valueRequired\":true,\"valueName\":\"search_term_string\"}}],\"inLanguage\":\"it-IT\"},{\"@type\":\"Person\",\"@id\":\"https:\/\/www.museogrigio.it\/wp\/#\/schema\/person\/7ae7f5a79c8f571fd56d74aabb80b3f3\",\"name\":\"mgblogger\",\"image\":{\"@type\":\"ImageObject\",\"inLanguage\":\"it-IT\",\"@id\":\"https:\/\/www.museogrigio.it\/wp\/#\/schema\/person\/image\/\",\"url\":\"https:\/\/secure.gravatar.com\/avatar\/c01466dbaec6f151089fefd81e4e31df853c7b5c4af467acdacd2bda7e1e497a?s=96&d=mm&r=g\",\"contentUrl\":\"https:\/\/secure.gravatar.com\/avatar\/c01466dbaec6f151089fefd81e4e31df853c7b5c4af467acdacd2bda7e1e497a?s=96&d=mm&r=g\",\"caption\":\"mgblogger\"},\"url\":\"https:\/\/www.museogrigio.it\/wp\/author\/mgblogger\/\"}]}<\/script>\n<!-- \/ Yoast SEO plugin. -->","yoast_head_json":{"title":"Dieci anni di Di Masi tra alti e bassi - Museo Grigio","robots":{"index":"index","follow":"follow","max-snippet":"max-snippet:-1","max-image-preview":"max-image-preview:large","max-video-preview":"max-video-preview:-1"},"canonical":"https:\/\/www.museogrigio.it\/wp\/dieci-anni-di-di-masi-tra-alti-e-bassi\/","og_locale":"it_IT","og_type":"article","og_title":"Dieci anni di Di Masi tra alti e bassi - Museo Grigio","og_description":"Oggi \u00e8 luned\u00ec 6 febbraio 2023. Esattamente dieci anni fa, era un mercoled\u00ec, Luca di Masi diventava proprietario e presidente dell\u2019Alessandria Calcio. L\u2019anniversario cade nel momento pi\u00f9 triste di tutto questo periodo con la squadra, fortemente ridimensionata, pericolante in classifica e con la dirigenza contestata dalla tifoseria. Di Masi sta cercando di vendere la societ\u00e0 [&hellip;]","og_url":"https:\/\/www.museogrigio.it\/wp\/dieci-anni-di-di-masi-tra-alti-e-bassi\/","og_site_name":"Museo Grigio","article_published_time":"2023-02-06T21:12:56+00:00","article_modified_time":"2023-02-06T21:12:59+00:00","og_image":[{"width":1920,"height":1142,"url":"https:\/\/www.museogrigio.it\/wp\/wp-content\/uploads\/2023\/02\/1644172432301.jpg","type":"image\/jpeg"}],"author":"mgblogger","twitter_card":"summary_large_image","twitter_misc":{"Scritto da":"mgblogger","Tempo di lettura stimato":"3 minuti"},"schema":{"@context":"https:\/\/schema.org","@graph":[{"@type":"WebPage","@id":"https:\/\/www.museogrigio.it\/wp\/dieci-anni-di-di-masi-tra-alti-e-bassi\/","url":"https:\/\/www.museogrigio.it\/wp\/dieci-anni-di-di-masi-tra-alti-e-bassi\/","name":"Dieci anni di Di Masi tra alti e bassi - Museo Grigio","isPartOf":{"@id":"https:\/\/www.museogrigio.it\/wp\/#website"},"primaryImageOfPage":{"@id":"https:\/\/www.museogrigio.it\/wp\/dieci-anni-di-di-masi-tra-alti-e-bassi\/#primaryimage"},"image":{"@id":"https:\/\/www.museogrigio.it\/wp\/dieci-anni-di-di-masi-tra-alti-e-bassi\/#primaryimage"},"thumbnailUrl":"https:\/\/www.museogrigio.it\/wp\/wp-content\/uploads\/2023\/02\/1644172432301.jpg","datePublished":"2023-02-06T21:12:56+00:00","dateModified":"2023-02-06T21:12:59+00:00","author":{"@id":"https:\/\/www.museogrigio.it\/wp\/#\/schema\/person\/7ae7f5a79c8f571fd56d74aabb80b3f3"},"breadcrumb":{"@id":"https:\/\/www.museogrigio.it\/wp\/dieci-anni-di-di-masi-tra-alti-e-bassi\/#breadcrumb"},"inLanguage":"it-IT","potentialAction":[{"@type":"ReadAction","target":["https:\/\/www.museogrigio.it\/wp\/dieci-anni-di-di-masi-tra-alti-e-bassi\/"]}]},{"@type":"ImageObject","inLanguage":"it-IT","@id":"https:\/\/www.museogrigio.it\/wp\/dieci-anni-di-di-masi-tra-alti-e-bassi\/#primaryimage","url":"https:\/\/www.museogrigio.it\/wp\/wp-content\/uploads\/2023\/02\/1644172432301.jpg","contentUrl":"https:\/\/www.museogrigio.it\/wp\/wp-content\/uploads\/2023\/02\/1644172432301.jpg","width":1920,"height":1142},{"@type":"BreadcrumbList","@id":"https:\/\/www.museogrigio.it\/wp\/dieci-anni-di-di-masi-tra-alti-e-bassi\/#breadcrumb","itemListElement":[{"@type":"ListItem","position":1,"name":"Home","item":"https:\/\/www.museogrigio.it\/wp\/"},{"@type":"ListItem","position":2,"name":"Dieci anni di Di Masi tra alti e bassi"}]},{"@type":"WebSite","@id":"https:\/\/www.museogrigio.it\/wp\/#website","url":"https:\/\/www.museogrigio.it\/wp\/","name":"Museo Grigio","description":"Museo Grigio Blog","potentialAction":[{"@type":"SearchAction","target":{"@type":"EntryPoint","urlTemplate":"https:\/\/www.museogrigio.it\/wp\/?s={search_term_string}"},"query-input":{"@type":"PropertyValueSpecification","valueRequired":true,"valueName":"search_term_string"}}],"inLanguage":"it-IT"},{"@type":"Person","@id":"https:\/\/www.museogrigio.it\/wp\/#\/schema\/person\/7ae7f5a79c8f571fd56d74aabb80b3f3","name":"mgblogger","image":{"@type":"ImageObject","inLanguage":"it-IT","@id":"https:\/\/www.museogrigio.it\/wp\/#\/schema\/person\/image\/","url":"https:\/\/secure.gravatar.com\/avatar\/c01466dbaec6f151089fefd81e4e31df853c7b5c4af467acdacd2bda7e1e497a?s=96&d=mm&r=g","contentUrl":"https:\/\/secure.gravatar.com\/avatar\/c01466dbaec6f151089fefd81e4e31df853c7b5c4af467acdacd2bda7e1e497a?s=96&d=mm&r=g","caption":"mgblogger"},"url":"https:\/\/www.museogrigio.it\/wp\/author\/mgblogger\/"}]}},"_links":{"self":[{"href":"https:\/\/www.museogrigio.it\/wp\/wp-json\/wp\/v2\/posts\/48848","targetHints":{"allow":["GET"]}}],"collection":[{"href":"https:\/\/www.museogrigio.it\/wp\/wp-json\/wp\/v2\/posts"}],"about":[{"href":"https:\/\/www.museogrigio.it\/wp\/wp-json\/wp\/v2\/types\/post"}],"author":[{"embeddable":true,"href":"https:\/\/www.museogrigio.it\/wp\/wp-json\/wp\/v2\/users\/3"}],"replies":[{"embeddable":true,"href":"https:\/\/www.museogrigio.it\/wp\/wp-json\/wp\/v2\/comments?post=48848"}],"version-history":[{"count":2,"href":"https:\/\/www.museogrigio.it\/wp\/wp-json\/wp\/v2\/posts\/48848\/revisions"}],"predecessor-version":[{"id":48853,"href":"https:\/\/www.museogrigio.it\/wp\/wp-json\/wp\/v2\/posts\/48848\/revisions\/48853"}],"wp:featuredmedia":[{"embeddable":true,"href":"https:\/\/www.museogrigio.it\/wp\/wp-json\/wp\/v2\/media\/48851"}],"wp:attachment":[{"href":"https:\/\/www.museogrigio.it\/wp\/wp-json\/wp\/v2\/media?parent=48848"}],"wp:term":[{"taxonomy":"category","embeddable":true,"href":"https:\/\/www.museogrigio.it\/wp\/wp-json\/wp\/v2\/categories?post=48848"},{"taxonomy":"post_tag","embeddable":true,"href":"https:\/\/www.museogrigio.it\/wp\/wp-json\/wp\/v2\/tags?post=48848"}],"curies":[{"name":"wp","href":"https:\/\/api.w.org\/{rel}","templated":true}]}}