{"id":46313,"date":"2022-06-22T12:54:59","date_gmt":"2022-06-22T12:54:59","guid":{"rendered":"https:\/\/www.museogrigio.it\/wp\/?p=46313"},"modified":"2022-06-22T12:55:01","modified_gmt":"2022-06-22T12:55:01","slug":"diversi-ritorni-dai-prestiti-nascera-una-squadra-giovane","status":"publish","type":"post","link":"https:\/\/www.museogrigio.it\/wp\/diversi-ritorni-dai-prestiti-nascera-una-squadra-giovane\/","title":{"rendered":"Diversi ritorni dai prestiti. Nascer\u00e0 una squadra giovane?"},"content":{"rendered":"\n<figure class=\"wp-block-image size-full is-resized\"><a href=\"https:\/\/www.museogrigio.it\/wp\/wp-content\/uploads\/2022\/06\/Cattura-1.png\"><img loading=\"lazy\" decoding=\"async\" src=\"https:\/\/www.museogrigio.it\/wp\/wp-content\/uploads\/2022\/06\/Cattura-1.png\" alt=\"\" class=\"wp-image-46314\" width=\"819\" height=\"693\" srcset=\"https:\/\/www.museogrigio.it\/wp\/wp-content\/uploads\/2022\/06\/Cattura-1.png 473w, https:\/\/www.museogrigio.it\/wp\/wp-content\/uploads\/2022\/06\/Cattura-1-300x254.png 300w\" sizes=\"auto, (max-width: 819px) 100vw, 819px\" \/><\/a><figcaption><strong><em>Christian Marietta nell&#8217;Alessandria<\/em><\/strong><\/figcaption><\/figure>\n\n\n\n<p>A&nbsp;<strong>Rimini<\/strong>&nbsp;vorrebbero trattenerlo, con la conferma del prestito, ma anche l&#8217;acquisizione a titolo definitivo. Perch\u00e9&nbsp;<strong>Christian Marietta<\/strong>&nbsp;\u00e8 considerato il<strong>&nbsp;miglior portiere della D<\/strong>&nbsp;e con le<strong>&nbsp;23 partite senza subire reti<\/strong>&nbsp;e le<strong>&nbsp;sole 19 incassate<\/strong>&nbsp;\u00e8 stato determinante per il ritorno dei<strong>&nbsp;biancorossi romagnoli in C<\/strong>.<\/p>\n\n\n\n<p>Ma l&#8217;estremo difensore,<strong>&nbsp;classe 2002<\/strong>, <strong>rientrer\u00e0 all&#8217;Alessandria<\/strong>, che \u00e8 proprietaria e che, negli ultimi due campionati, lo ha <em>prestato <\/em>prima alla Caronnese e poi, appunto, al Rimini. \u00c8 &nbsp;uno di quegli elementi in giro sui campi della quarta serie, che faranno il cammino&nbsp; verso la societ\u00e0 <em>madre<\/em>: \u00e8 il caso di&nbsp;<strong>Filip e Speranza<\/strong>&nbsp;da Hsl Derthona, di&nbsp;<strong>Podda<\/strong>&nbsp;dal Sestri Levante e di&nbsp;<strong>Poppa<\/strong>&nbsp;dal Saluzzo.<\/p>\n\n\n\n<p>Il loro destino dipender\u00e0 dalle scelte societarie per il futuro del club, su obiettivi e interpreti, e non \u00e8 escluso che alcuni di loro rimangano, soprattutto se sar\u00e0, di nuovo, <strong><em>progetto giovani<\/em><\/strong><em>.<\/em><\/p>\n\n\n\n<p>Fra i <em>papabili <\/em>per la prima squadra c&#8217;\u00e8, anche,&nbsp;<strong>Ascoli<\/strong>, che nell&#8217;ultimo campionato era stato convocato in occasione della gara casalinga con il Perugia.<\/p>\n\n\n\n<p>Alla voce <em>uscite <\/em>resta sempre l&#8217;interesse, forte, del\u00a0<strong>Cesena per Simone Corazza,<\/strong>\u00a0voluto da Mimmo Toscano, nuovo tecnico dei bianconeri, che lo aveva allenato alla Reggina nella stagione della promozione in B. Ora il club cesenate pu\u00f2 avere pi\u00f9 chance, perch\u00e9 non c&#8217;\u00e8 la concorrenza della B: S\u00fcdtirolinfatti, ha scelto Carretta.<\/p>\n\n\n\n<p><strong>Articolo di Mimma Caligaris su\u00a0<em>Il PIccolo<\/em><\/strong><\/p>\n","protected":false},"excerpt":{"rendered":"<p>A&nbsp;Rimini&nbsp;vorrebbero trattenerlo, con la conferma del prestito, ma anche l&#8217;acquisizione a titolo definitivo. Perch\u00e9&nbsp;Christian Marietta&nbsp;\u00e8 considerato il&nbsp;miglior portiere della D&nbsp;e con le&nbsp;23 partite senza subire reti&nbsp;e le&nbsp;sole 19 incassate&nbsp;\u00e8 stato determinante per il ritorno dei&nbsp;biancorossi romagnoli in C. Ma l&#8217;estremo difensore,&nbsp;classe 2002, rientrer\u00e0 all&#8217;Alessandria, che \u00e8 proprietaria e che, negli ultimi due campionati, lo ha [&hellip;]<\/p>\n","protected":false},"author":3,"featured_media":46314,"comment_status":"closed","ping_status":"closed","sticky":false,"template":"","format":"standard","meta":{"_et_pb_use_builder":"off","_et_pb_old_content":"","_et_gb_content_width":"","inline_featured_image":false,"_monsterinsights_skip_tracking":false,"_monsterinsights_sitenote_active":false,"_monsterinsights_sitenote_note":"","_monsterinsights_sitenote_category":0,"footnotes":""},"categories":[23,16],"tags":[25,283,28,229,918,917,920,921,916,317,919],"class_list":["post-46313","post","type-post","status-publish","format-standard","has-post-thumbnail","hentry","category-home","category-news","tag-alessandria","tag-ascoli","tag-calciomercato","tag-corazza","tag-filip","tag-marietta","tag-podda","tag-poppa","tag-prestiti","tag-seriec","tag-speranza"],"yoast_head":"<!-- This site is optimized with the Yoast SEO plugin v26.6 - https:\/\/yoast.com\/wordpress\/plugins\/seo\/ -->\n<title>Diversi ritorni dai prestiti. Nascer\u00e0 una squadra giovane? - Museo Grigio<\/title>\n<meta name=\"robots\" content=\"index, follow, max-snippet:-1, max-image-preview:large, max-video-preview:-1\" \/>\n<link rel=\"canonical\" href=\"https:\/\/www.museogrigio.it\/wp\/diversi-ritorni-dai-prestiti-nascera-una-squadra-giovane\/\" \/>\n<meta property=\"og:locale\" content=\"it_IT\" \/>\n<meta property=\"og:type\" content=\"article\" \/>\n<meta property=\"og:title\" content=\"Diversi ritorni dai prestiti. Nascer\u00e0 una squadra giovane? - Museo Grigio\" \/>\n<meta property=\"og:description\" content=\"A&nbsp;Rimini&nbsp;vorrebbero trattenerlo, con la conferma del prestito, ma anche l&#8217;acquisizione a titolo definitivo. Perch\u00e9&nbsp;Christian Marietta&nbsp;\u00e8 considerato il&nbsp;miglior portiere della D&nbsp;e con le&nbsp;23 partite senza subire reti&nbsp;e le&nbsp;sole 19 incassate&nbsp;\u00e8 stato determinante per il ritorno dei&nbsp;biancorossi romagnoli in C. Ma l&#8217;estremo difensore,&nbsp;classe 2002, rientrer\u00e0 all&#8217;Alessandria, che \u00e8 proprietaria e che, negli ultimi due campionati, lo ha [&hellip;]\" \/>\n<meta property=\"og:url\" content=\"https:\/\/www.museogrigio.it\/wp\/diversi-ritorni-dai-prestiti-nascera-una-squadra-giovane\/\" \/>\n<meta property=\"og:site_name\" content=\"Museo Grigio\" \/>\n<meta property=\"article:published_time\" content=\"2022-06-22T12:54:59+00:00\" \/>\n<meta property=\"article:modified_time\" content=\"2022-06-22T12:55:01+00:00\" \/>\n<meta property=\"og:image\" content=\"https:\/\/www.museogrigio.it\/wp\/wp-content\/uploads\/2022\/06\/Cattura-1.png\" \/>\n\t<meta property=\"og:image:width\" content=\"473\" \/>\n\t<meta property=\"og:image:height\" content=\"400\" \/>\n\t<meta property=\"og:image:type\" content=\"image\/png\" \/>\n<meta name=\"author\" content=\"mgblogger\" \/>\n<meta name=\"twitter:card\" content=\"summary_large_image\" \/>\n<meta name=\"twitter:label1\" content=\"Scritto da\" \/>\n\t<meta name=\"twitter:data1\" content=\"mgblogger\" \/>\n\t<meta name=\"twitter:label2\" content=\"Tempo di lettura stimato\" \/>\n\t<meta name=\"twitter:data2\" content=\"2 minuti\" \/>\n<script type=\"application\/ld+json\" class=\"yoast-schema-graph\">{\"@context\":\"https:\/\/schema.org\",\"@graph\":[{\"@type\":\"WebPage\",\"@id\":\"https:\/\/www.museogrigio.it\/wp\/diversi-ritorni-dai-prestiti-nascera-una-squadra-giovane\/\",\"url\":\"https:\/\/www.museogrigio.it\/wp\/diversi-ritorni-dai-prestiti-nascera-una-squadra-giovane\/\",\"name\":\"Diversi ritorni dai prestiti. Nascer\u00e0 una squadra giovane? - Museo Grigio\",\"isPartOf\":{\"@id\":\"https:\/\/www.museogrigio.it\/wp\/#website\"},\"primaryImageOfPage\":{\"@id\":\"https:\/\/www.museogrigio.it\/wp\/diversi-ritorni-dai-prestiti-nascera-una-squadra-giovane\/#primaryimage\"},\"image\":{\"@id\":\"https:\/\/www.museogrigio.it\/wp\/diversi-ritorni-dai-prestiti-nascera-una-squadra-giovane\/#primaryimage\"},\"thumbnailUrl\":\"https:\/\/www.museogrigio.it\/wp\/wp-content\/uploads\/2022\/06\/Cattura-1.png\",\"datePublished\":\"2022-06-22T12:54:59+00:00\",\"dateModified\":\"2022-06-22T12:55:01+00:00\",\"author\":{\"@id\":\"https:\/\/www.museogrigio.it\/wp\/#\/schema\/person\/7ae7f5a79c8f571fd56d74aabb80b3f3\"},\"breadcrumb\":{\"@id\":\"https:\/\/www.museogrigio.it\/wp\/diversi-ritorni-dai-prestiti-nascera-una-squadra-giovane\/#breadcrumb\"},\"inLanguage\":\"it-IT\",\"potentialAction\":[{\"@type\":\"ReadAction\",\"target\":[\"https:\/\/www.museogrigio.it\/wp\/diversi-ritorni-dai-prestiti-nascera-una-squadra-giovane\/\"]}]},{\"@type\":\"ImageObject\",\"inLanguage\":\"it-IT\",\"@id\":\"https:\/\/www.museogrigio.it\/wp\/diversi-ritorni-dai-prestiti-nascera-una-squadra-giovane\/#primaryimage\",\"url\":\"https:\/\/www.museogrigio.it\/wp\/wp-content\/uploads\/2022\/06\/Cattura-1.png\",\"contentUrl\":\"https:\/\/www.museogrigio.it\/wp\/wp-content\/uploads\/2022\/06\/Cattura-1.png\",\"width\":473,\"height\":400},{\"@type\":\"BreadcrumbList\",\"@id\":\"https:\/\/www.museogrigio.it\/wp\/diversi-ritorni-dai-prestiti-nascera-una-squadra-giovane\/#breadcrumb\",\"itemListElement\":[{\"@type\":\"ListItem\",\"position\":1,\"name\":\"Home\",\"item\":\"https:\/\/www.museogrigio.it\/wp\/\"},{\"@type\":\"ListItem\",\"position\":2,\"name\":\"Diversi ritorni dai prestiti. Nascer\u00e0 una squadra giovane?\"}]},{\"@type\":\"WebSite\",\"@id\":\"https:\/\/www.museogrigio.it\/wp\/#website\",\"url\":\"https:\/\/www.museogrigio.it\/wp\/\",\"name\":\"Museo Grigio\",\"description\":\"Museo Grigio Blog\",\"potentialAction\":[{\"@type\":\"SearchAction\",\"target\":{\"@type\":\"EntryPoint\",\"urlTemplate\":\"https:\/\/www.museogrigio.it\/wp\/?s={search_term_string}\"},\"query-input\":{\"@type\":\"PropertyValueSpecification\",\"valueRequired\":true,\"valueName\":\"search_term_string\"}}],\"inLanguage\":\"it-IT\"},{\"@type\":\"Person\",\"@id\":\"https:\/\/www.museogrigio.it\/wp\/#\/schema\/person\/7ae7f5a79c8f571fd56d74aabb80b3f3\",\"name\":\"mgblogger\",\"image\":{\"@type\":\"ImageObject\",\"inLanguage\":\"it-IT\",\"@id\":\"https:\/\/www.museogrigio.it\/wp\/#\/schema\/person\/image\/\",\"url\":\"https:\/\/secure.gravatar.com\/avatar\/c01466dbaec6f151089fefd81e4e31df853c7b5c4af467acdacd2bda7e1e497a?s=96&d=mm&r=g\",\"contentUrl\":\"https:\/\/secure.gravatar.com\/avatar\/c01466dbaec6f151089fefd81e4e31df853c7b5c4af467acdacd2bda7e1e497a?s=96&d=mm&r=g\",\"caption\":\"mgblogger\"},\"url\":\"https:\/\/www.museogrigio.it\/wp\/author\/mgblogger\/\"}]}<\/script>\n<!-- \/ Yoast SEO plugin. -->","yoast_head_json":{"title":"Diversi ritorni dai prestiti. Nascer\u00e0 una squadra giovane? - Museo Grigio","robots":{"index":"index","follow":"follow","max-snippet":"max-snippet:-1","max-image-preview":"max-image-preview:large","max-video-preview":"max-video-preview:-1"},"canonical":"https:\/\/www.museogrigio.it\/wp\/diversi-ritorni-dai-prestiti-nascera-una-squadra-giovane\/","og_locale":"it_IT","og_type":"article","og_title":"Diversi ritorni dai prestiti. Nascer\u00e0 una squadra giovane? - Museo Grigio","og_description":"A&nbsp;Rimini&nbsp;vorrebbero trattenerlo, con la conferma del prestito, ma anche l&#8217;acquisizione a titolo definitivo. Perch\u00e9&nbsp;Christian Marietta&nbsp;\u00e8 considerato il&nbsp;miglior portiere della D&nbsp;e con le&nbsp;23 partite senza subire reti&nbsp;e le&nbsp;sole 19 incassate&nbsp;\u00e8 stato determinante per il ritorno dei&nbsp;biancorossi romagnoli in C. Ma l&#8217;estremo difensore,&nbsp;classe 2002, rientrer\u00e0 all&#8217;Alessandria, che \u00e8 proprietaria e che, negli ultimi due campionati, lo ha [&hellip;]","og_url":"https:\/\/www.museogrigio.it\/wp\/diversi-ritorni-dai-prestiti-nascera-una-squadra-giovane\/","og_site_name":"Museo Grigio","article_published_time":"2022-06-22T12:54:59+00:00","article_modified_time":"2022-06-22T12:55:01+00:00","og_image":[{"width":473,"height":400,"url":"https:\/\/www.museogrigio.it\/wp\/wp-content\/uploads\/2022\/06\/Cattura-1.png","type":"image\/png"}],"author":"mgblogger","twitter_card":"summary_large_image","twitter_misc":{"Scritto da":"mgblogger","Tempo di lettura stimato":"2 minuti"},"schema":{"@context":"https:\/\/schema.org","@graph":[{"@type":"WebPage","@id":"https:\/\/www.museogrigio.it\/wp\/diversi-ritorni-dai-prestiti-nascera-una-squadra-giovane\/","url":"https:\/\/www.museogrigio.it\/wp\/diversi-ritorni-dai-prestiti-nascera-una-squadra-giovane\/","name":"Diversi ritorni dai prestiti. Nascer\u00e0 una squadra giovane? - Museo Grigio","isPartOf":{"@id":"https:\/\/www.museogrigio.it\/wp\/#website"},"primaryImageOfPage":{"@id":"https:\/\/www.museogrigio.it\/wp\/diversi-ritorni-dai-prestiti-nascera-una-squadra-giovane\/#primaryimage"},"image":{"@id":"https:\/\/www.museogrigio.it\/wp\/diversi-ritorni-dai-prestiti-nascera-una-squadra-giovane\/#primaryimage"},"thumbnailUrl":"https:\/\/www.museogrigio.it\/wp\/wp-content\/uploads\/2022\/06\/Cattura-1.png","datePublished":"2022-06-22T12:54:59+00:00","dateModified":"2022-06-22T12:55:01+00:00","author":{"@id":"https:\/\/www.museogrigio.it\/wp\/#\/schema\/person\/7ae7f5a79c8f571fd56d74aabb80b3f3"},"breadcrumb":{"@id":"https:\/\/www.museogrigio.it\/wp\/diversi-ritorni-dai-prestiti-nascera-una-squadra-giovane\/#breadcrumb"},"inLanguage":"it-IT","potentialAction":[{"@type":"ReadAction","target":["https:\/\/www.museogrigio.it\/wp\/diversi-ritorni-dai-prestiti-nascera-una-squadra-giovane\/"]}]},{"@type":"ImageObject","inLanguage":"it-IT","@id":"https:\/\/www.museogrigio.it\/wp\/diversi-ritorni-dai-prestiti-nascera-una-squadra-giovane\/#primaryimage","url":"https:\/\/www.museogrigio.it\/wp\/wp-content\/uploads\/2022\/06\/Cattura-1.png","contentUrl":"https:\/\/www.museogrigio.it\/wp\/wp-content\/uploads\/2022\/06\/Cattura-1.png","width":473,"height":400},{"@type":"BreadcrumbList","@id":"https:\/\/www.museogrigio.it\/wp\/diversi-ritorni-dai-prestiti-nascera-una-squadra-giovane\/#breadcrumb","itemListElement":[{"@type":"ListItem","position":1,"name":"Home","item":"https:\/\/www.museogrigio.it\/wp\/"},{"@type":"ListItem","position":2,"name":"Diversi ritorni dai prestiti. Nascer\u00e0 una squadra giovane?"}]},{"@type":"WebSite","@id":"https:\/\/www.museogrigio.it\/wp\/#website","url":"https:\/\/www.museogrigio.it\/wp\/","name":"Museo Grigio","description":"Museo Grigio Blog","potentialAction":[{"@type":"SearchAction","target":{"@type":"EntryPoint","urlTemplate":"https:\/\/www.museogrigio.it\/wp\/?s={search_term_string}"},"query-input":{"@type":"PropertyValueSpecification","valueRequired":true,"valueName":"search_term_string"}}],"inLanguage":"it-IT"},{"@type":"Person","@id":"https:\/\/www.museogrigio.it\/wp\/#\/schema\/person\/7ae7f5a79c8f571fd56d74aabb80b3f3","name":"mgblogger","image":{"@type":"ImageObject","inLanguage":"it-IT","@id":"https:\/\/www.museogrigio.it\/wp\/#\/schema\/person\/image\/","url":"https:\/\/secure.gravatar.com\/avatar\/c01466dbaec6f151089fefd81e4e31df853c7b5c4af467acdacd2bda7e1e497a?s=96&d=mm&r=g","contentUrl":"https:\/\/secure.gravatar.com\/avatar\/c01466dbaec6f151089fefd81e4e31df853c7b5c4af467acdacd2bda7e1e497a?s=96&d=mm&r=g","caption":"mgblogger"},"url":"https:\/\/www.museogrigio.it\/wp\/author\/mgblogger\/"}]}},"_links":{"self":[{"href":"https:\/\/www.museogrigio.it\/wp\/wp-json\/wp\/v2\/posts\/46313","targetHints":{"allow":["GET"]}}],"collection":[{"href":"https:\/\/www.museogrigio.it\/wp\/wp-json\/wp\/v2\/posts"}],"about":[{"href":"https:\/\/www.museogrigio.it\/wp\/wp-json\/wp\/v2\/types\/post"}],"author":[{"embeddable":true,"href":"https:\/\/www.museogrigio.it\/wp\/wp-json\/wp\/v2\/users\/3"}],"replies":[{"embeddable":true,"href":"https:\/\/www.museogrigio.it\/wp\/wp-json\/wp\/v2\/comments?post=46313"}],"version-history":[{"count":1,"href":"https:\/\/www.museogrigio.it\/wp\/wp-json\/wp\/v2\/posts\/46313\/revisions"}],"predecessor-version":[{"id":46315,"href":"https:\/\/www.museogrigio.it\/wp\/wp-json\/wp\/v2\/posts\/46313\/revisions\/46315"}],"wp:featuredmedia":[{"embeddable":true,"href":"https:\/\/www.museogrigio.it\/wp\/wp-json\/wp\/v2\/media\/46314"}],"wp:attachment":[{"href":"https:\/\/www.museogrigio.it\/wp\/wp-json\/wp\/v2\/media?parent=46313"}],"wp:term":[{"taxonomy":"category","embeddable":true,"href":"https:\/\/www.museogrigio.it\/wp\/wp-json\/wp\/v2\/categories?post=46313"},{"taxonomy":"post_tag","embeddable":true,"href":"https:\/\/www.museogrigio.it\/wp\/wp-json\/wp\/v2\/tags?post=46313"}],"curies":[{"name":"wp","href":"https:\/\/api.w.org\/{rel}","templated":true}]}}