{"id":43864,"date":"2022-02-10T08:02:16","date_gmt":"2022-02-10T08:02:16","guid":{"rendered":"https:\/\/www.museogrigio.it\/wp\/?p=43864"},"modified":"2022-02-10T08:02:25","modified_gmt":"2022-02-10T08:02:25","slug":"tributo-a-sergio-vatta","status":"publish","type":"post","link":"https:\/\/www.museogrigio.it\/wp\/tributo-a-sergio-vatta\/","title":{"rendered":"Tributo a Sergio Vatta"},"content":{"rendered":"\n<figure class=\"wp-block-image size-large\"><a href=\"https:\/\/www.museogrigio.it\/wp\/wp-content\/uploads\/2022\/02\/00482888g.jpg\"><img loading=\"lazy\" decoding=\"async\" width=\"1024\" height=\"475\" src=\"https:\/\/www.museogrigio.it\/wp\/wp-content\/uploads\/2022\/02\/00482888g-1024x475.jpg\" alt=\"\" class=\"wp-image-43865\" srcset=\"https:\/\/www.museogrigio.it\/wp\/wp-content\/uploads\/2022\/02\/00482888g-980x454.jpg 980w, https:\/\/www.museogrigio.it\/wp\/wp-content\/uploads\/2022\/02\/00482888g-480x223.jpg 480w\" sizes=\"auto, (min-width: 0px) and (max-width: 480px) 480px, (min-width: 481px) and (max-width: 980px) 980px, (min-width: 981px) 1024px, 100vw\" \/><\/a><figcaption><strong><em>Sergio Vatta<\/em><\/strong><\/figcaption><\/figure>\n\n\n\n<p><strong>\u00c8 il secondo campionato di\u00a0Eccellenza, anche se\u00a0i tifosi non hanno mai riconosciuto la Nuova Alessandria, e quindi si tratta praticamente di un debutto nella categoria per quella che viene nuovamente denominata\u00a0US Alessandria Calcio 1912\u00a0e che gioca finalmente con la\u00a0maglia tutta grigia.<\/strong>\u00a0I\u00a0Mastagni, in estate,\u00a0 hanno ceduto la societ\u00e0 a\u00a0Francesco Sangiovanni, imprenditore milanese.\u00a0<strong>La costruzione della squadra \u00e8 affidata a Sergio Vatta, l\u2019artefice del settore giovanile del Torino<\/strong>, che ha sfornato moltissimi giocatori che si sono resi protagonisti nelle serie maggiori.\u00a0Vatta,\u00a0che vanta esperienze anche con le nazionali giovanili, costruisce una rosa completa e di buone qualit\u00e0 tecniche per la categoria.<\/p>\n\n\n\n<figure class=\"wp-block-image size-large\"><a href=\"https:\/\/www.museogrigio.it\/wp\/wp-content\/uploads\/2022\/02\/156-alessandria-2004-05.jpg\"><img loading=\"lazy\" decoding=\"async\" width=\"1024\" height=\"768\" src=\"https:\/\/www.museogrigio.it\/wp\/wp-content\/uploads\/2022\/02\/156-alessandria-2004-05-1024x768.jpg\" alt=\"\" class=\"wp-image-43868\" srcset=\"https:\/\/www.museogrigio.it\/wp\/wp-content\/uploads\/2022\/02\/156-alessandria-2004-05-980x735.jpg 980w, https:\/\/www.museogrigio.it\/wp\/wp-content\/uploads\/2022\/02\/156-alessandria-2004-05-480x360.jpg 480w\" sizes=\"auto, (min-width: 0px) and (max-width: 480px) 480px, (min-width: 481px) and (max-width: 980px) 980px, (min-width: 981px) 1024px, 100vw\" \/><\/a><figcaption><strong><em>Una formazione dell&#8217;Alessandria 2004-&#8217;05 (archivio fotografico www.museogrigio.it)<\/em><\/strong><\/figcaption><\/figure>\n\n\n\n<p>In fondo per qualcuno non \u00e8 neanche calcio, catalogabile come quasi amatoriale. Quando lo guarda in tv, \u00a0gli stadi sono piccoli, semivuoti . Con tutte quelle macchine che sfrecciano intorno, come se avessero di meglio da fare. Anche adesso che sullo schermo se ne vede di pi\u00f9. <\/p>\n\n\n\n<p>Ma negli anni in cui allenava lui, andava in diretta solo la finale del torneo di Viareggio. E lui di solito la vinceva. <strong>Sergio Vatta nasce a Zara, sono sei figli. E\u2019 un bambino di sette anni in esilio perch\u00e8 la Dalmazia non \u00e8 pi\u00f9 Italia.<\/strong> \u201c<em>Non capivo, quell\u2019esperienza allucinante sembrava un\u2019avventura<\/em>\u201d. Si sale su una torpediniera tedesca e si arriva a Fiume. Il campo profughi \u00e8 dentro una galleria. Qui trova una collinetta per giocare a pallone ma sotto i bombardamenti. \u201c<em>Ci spostiamo a Trieste. Qui incontro un soldato neozelandese che mi dice: \u2018Non avrete pi\u00f9 fame\u2019\u00a0<\/em>\u201c.<\/p>\n\n\n\n<p class=\"has-normal-font-size\"><strong><a href=\"https:\/\/ilnobilecalcio.it\/2021\/02\/10\/tributo-a-sergio-vatta\/\">Continua a leggere<\/a><\/strong><\/p>\n","protected":false},"excerpt":{"rendered":"<p>\u00c8 il secondo campionato di\u00a0Eccellenza, anche se\u00a0i tifosi non hanno mai riconosciuto la Nuova Alessandria, e quindi si tratta praticamente di un debutto nella categoria per quella che viene nuovamente denominata\u00a0US Alessandria Calcio 1912\u00a0e che gioca finalmente con la\u00a0maglia tutta grigia.\u00a0I\u00a0Mastagni, in estate,\u00a0 hanno ceduto la societ\u00e0 a\u00a0Francesco Sangiovanni, imprenditore milanese.\u00a0La costruzione della squadra \u00e8 [&hellip;]<\/p>\n","protected":false},"author":3,"featured_media":43865,"comment_status":"closed","ping_status":"closed","sticky":false,"template":"","format":"standard","meta":{"_et_pb_use_builder":"off","_et_pb_old_content":"","_et_gb_content_width":"","inline_featured_image":false,"_monsterinsights_skip_tracking":false,"_monsterinsights_sitenote_active":false,"_monsterinsights_sitenote_note":"","_monsterinsights_sitenote_category":0,"footnotes":""},"categories":[23,16,14],"tags":[25,690,687,689,691,688,686,146,71],"class_list":["post-43864","post","type-post","status-publish","format-standard","has-post-thumbnail","hentry","category-home","category-news","category-racconti-da-grigi","tag-alessandria","tag-dalmazia","tag-fiumana","tag-fiume","tag-giornodelricordo","tag-istria","tag-sergiovatta","tag-storia","tag-torino"],"yoast_head":"<!-- This site is optimized with the Yoast SEO plugin v26.6 - https:\/\/yoast.com\/wordpress\/plugins\/seo\/ -->\n<title>Tributo a Sergio Vatta - Museo Grigio<\/title>\n<meta name=\"robots\" content=\"index, follow, max-snippet:-1, max-image-preview:large, max-video-preview:-1\" \/>\n<link rel=\"canonical\" href=\"https:\/\/www.museogrigio.it\/wp\/tributo-a-sergio-vatta\/\" \/>\n<meta property=\"og:locale\" content=\"it_IT\" \/>\n<meta property=\"og:type\" content=\"article\" \/>\n<meta property=\"og:title\" content=\"Tributo a Sergio Vatta - Museo Grigio\" \/>\n<meta property=\"og:description\" content=\"\u00c8 il secondo campionato di\u00a0Eccellenza, anche se\u00a0i tifosi non hanno mai riconosciuto la Nuova Alessandria, e quindi si tratta praticamente di un debutto nella categoria per quella che viene nuovamente denominata\u00a0US Alessandria Calcio 1912\u00a0e che gioca finalmente con la\u00a0maglia tutta grigia.\u00a0I\u00a0Mastagni, in estate,\u00a0 hanno ceduto la societ\u00e0 a\u00a0Francesco Sangiovanni, imprenditore milanese.\u00a0La costruzione della squadra \u00e8 [&hellip;]\" \/>\n<meta property=\"og:url\" content=\"https:\/\/www.museogrigio.it\/wp\/tributo-a-sergio-vatta\/\" \/>\n<meta property=\"og:site_name\" content=\"Museo Grigio\" \/>\n<meta property=\"article:published_time\" content=\"2022-02-10T08:02:16+00:00\" \/>\n<meta property=\"article:modified_time\" content=\"2022-02-10T08:02:25+00:00\" \/>\n<meta property=\"og:image\" content=\"https:\/\/www.museogrigio.it\/wp\/wp-content\/uploads\/2022\/02\/00482888g.jpg\" \/>\n\t<meta property=\"og:image:width\" content=\"1920\" \/>\n\t<meta property=\"og:image:height\" content=\"890\" \/>\n\t<meta property=\"og:image:type\" content=\"image\/jpeg\" \/>\n<meta name=\"author\" content=\"mgblogger\" \/>\n<meta name=\"twitter:card\" content=\"summary_large_image\" \/>\n<meta name=\"twitter:label1\" content=\"Scritto da\" \/>\n\t<meta name=\"twitter:data1\" content=\"mgblogger\" \/>\n\t<meta name=\"twitter:label2\" content=\"Tempo di lettura stimato\" \/>\n\t<meta name=\"twitter:data2\" content=\"2 minuti\" \/>\n<script type=\"application\/ld+json\" class=\"yoast-schema-graph\">{\"@context\":\"https:\/\/schema.org\",\"@graph\":[{\"@type\":\"WebPage\",\"@id\":\"https:\/\/www.museogrigio.it\/wp\/tributo-a-sergio-vatta\/\",\"url\":\"https:\/\/www.museogrigio.it\/wp\/tributo-a-sergio-vatta\/\",\"name\":\"Tributo a Sergio Vatta - Museo Grigio\",\"isPartOf\":{\"@id\":\"https:\/\/www.museogrigio.it\/wp\/#website\"},\"primaryImageOfPage\":{\"@id\":\"https:\/\/www.museogrigio.it\/wp\/tributo-a-sergio-vatta\/#primaryimage\"},\"image\":{\"@id\":\"https:\/\/www.museogrigio.it\/wp\/tributo-a-sergio-vatta\/#primaryimage\"},\"thumbnailUrl\":\"https:\/\/www.museogrigio.it\/wp\/wp-content\/uploads\/2022\/02\/00482888g.jpg\",\"datePublished\":\"2022-02-10T08:02:16+00:00\",\"dateModified\":\"2022-02-10T08:02:25+00:00\",\"author\":{\"@id\":\"https:\/\/www.museogrigio.it\/wp\/#\/schema\/person\/7ae7f5a79c8f571fd56d74aabb80b3f3\"},\"breadcrumb\":{\"@id\":\"https:\/\/www.museogrigio.it\/wp\/tributo-a-sergio-vatta\/#breadcrumb\"},\"inLanguage\":\"it-IT\",\"potentialAction\":[{\"@type\":\"ReadAction\",\"target\":[\"https:\/\/www.museogrigio.it\/wp\/tributo-a-sergio-vatta\/\"]}]},{\"@type\":\"ImageObject\",\"inLanguage\":\"it-IT\",\"@id\":\"https:\/\/www.museogrigio.it\/wp\/tributo-a-sergio-vatta\/#primaryimage\",\"url\":\"https:\/\/www.museogrigio.it\/wp\/wp-content\/uploads\/2022\/02\/00482888g.jpg\",\"contentUrl\":\"https:\/\/www.museogrigio.it\/wp\/wp-content\/uploads\/2022\/02\/00482888g.jpg\",\"width\":1920,\"height\":890},{\"@type\":\"BreadcrumbList\",\"@id\":\"https:\/\/www.museogrigio.it\/wp\/tributo-a-sergio-vatta\/#breadcrumb\",\"itemListElement\":[{\"@type\":\"ListItem\",\"position\":1,\"name\":\"Home\",\"item\":\"https:\/\/www.museogrigio.it\/wp\/\"},{\"@type\":\"ListItem\",\"position\":2,\"name\":\"Tributo a Sergio Vatta\"}]},{\"@type\":\"WebSite\",\"@id\":\"https:\/\/www.museogrigio.it\/wp\/#website\",\"url\":\"https:\/\/www.museogrigio.it\/wp\/\",\"name\":\"Museo Grigio\",\"description\":\"Museo Grigio Blog\",\"potentialAction\":[{\"@type\":\"SearchAction\",\"target\":{\"@type\":\"EntryPoint\",\"urlTemplate\":\"https:\/\/www.museogrigio.it\/wp\/?s={search_term_string}\"},\"query-input\":{\"@type\":\"PropertyValueSpecification\",\"valueRequired\":true,\"valueName\":\"search_term_string\"}}],\"inLanguage\":\"it-IT\"},{\"@type\":\"Person\",\"@id\":\"https:\/\/www.museogrigio.it\/wp\/#\/schema\/person\/7ae7f5a79c8f571fd56d74aabb80b3f3\",\"name\":\"mgblogger\",\"image\":{\"@type\":\"ImageObject\",\"inLanguage\":\"it-IT\",\"@id\":\"https:\/\/www.museogrigio.it\/wp\/#\/schema\/person\/image\/\",\"url\":\"https:\/\/secure.gravatar.com\/avatar\/c01466dbaec6f151089fefd81e4e31df853c7b5c4af467acdacd2bda7e1e497a?s=96&d=mm&r=g\",\"contentUrl\":\"https:\/\/secure.gravatar.com\/avatar\/c01466dbaec6f151089fefd81e4e31df853c7b5c4af467acdacd2bda7e1e497a?s=96&d=mm&r=g\",\"caption\":\"mgblogger\"},\"url\":\"https:\/\/www.museogrigio.it\/wp\/author\/mgblogger\/\"}]}<\/script>\n<!-- \/ Yoast SEO plugin. -->","yoast_head_json":{"title":"Tributo a Sergio Vatta - Museo Grigio","robots":{"index":"index","follow":"follow","max-snippet":"max-snippet:-1","max-image-preview":"max-image-preview:large","max-video-preview":"max-video-preview:-1"},"canonical":"https:\/\/www.museogrigio.it\/wp\/tributo-a-sergio-vatta\/","og_locale":"it_IT","og_type":"article","og_title":"Tributo a Sergio Vatta - Museo Grigio","og_description":"\u00c8 il secondo campionato di\u00a0Eccellenza, anche se\u00a0i tifosi non hanno mai riconosciuto la Nuova Alessandria, e quindi si tratta praticamente di un debutto nella categoria per quella che viene nuovamente denominata\u00a0US Alessandria Calcio 1912\u00a0e che gioca finalmente con la\u00a0maglia tutta grigia.\u00a0I\u00a0Mastagni, in estate,\u00a0 hanno ceduto la societ\u00e0 a\u00a0Francesco Sangiovanni, imprenditore milanese.\u00a0La costruzione della squadra \u00e8 [&hellip;]","og_url":"https:\/\/www.museogrigio.it\/wp\/tributo-a-sergio-vatta\/","og_site_name":"Museo Grigio","article_published_time":"2022-02-10T08:02:16+00:00","article_modified_time":"2022-02-10T08:02:25+00:00","og_image":[{"width":1920,"height":890,"url":"https:\/\/www.museogrigio.it\/wp\/wp-content\/uploads\/2022\/02\/00482888g.jpg","type":"image\/jpeg"}],"author":"mgblogger","twitter_card":"summary_large_image","twitter_misc":{"Scritto da":"mgblogger","Tempo di lettura stimato":"2 minuti"},"schema":{"@context":"https:\/\/schema.org","@graph":[{"@type":"WebPage","@id":"https:\/\/www.museogrigio.it\/wp\/tributo-a-sergio-vatta\/","url":"https:\/\/www.museogrigio.it\/wp\/tributo-a-sergio-vatta\/","name":"Tributo a Sergio Vatta - Museo Grigio","isPartOf":{"@id":"https:\/\/www.museogrigio.it\/wp\/#website"},"primaryImageOfPage":{"@id":"https:\/\/www.museogrigio.it\/wp\/tributo-a-sergio-vatta\/#primaryimage"},"image":{"@id":"https:\/\/www.museogrigio.it\/wp\/tributo-a-sergio-vatta\/#primaryimage"},"thumbnailUrl":"https:\/\/www.museogrigio.it\/wp\/wp-content\/uploads\/2022\/02\/00482888g.jpg","datePublished":"2022-02-10T08:02:16+00:00","dateModified":"2022-02-10T08:02:25+00:00","author":{"@id":"https:\/\/www.museogrigio.it\/wp\/#\/schema\/person\/7ae7f5a79c8f571fd56d74aabb80b3f3"},"breadcrumb":{"@id":"https:\/\/www.museogrigio.it\/wp\/tributo-a-sergio-vatta\/#breadcrumb"},"inLanguage":"it-IT","potentialAction":[{"@type":"ReadAction","target":["https:\/\/www.museogrigio.it\/wp\/tributo-a-sergio-vatta\/"]}]},{"@type":"ImageObject","inLanguage":"it-IT","@id":"https:\/\/www.museogrigio.it\/wp\/tributo-a-sergio-vatta\/#primaryimage","url":"https:\/\/www.museogrigio.it\/wp\/wp-content\/uploads\/2022\/02\/00482888g.jpg","contentUrl":"https:\/\/www.museogrigio.it\/wp\/wp-content\/uploads\/2022\/02\/00482888g.jpg","width":1920,"height":890},{"@type":"BreadcrumbList","@id":"https:\/\/www.museogrigio.it\/wp\/tributo-a-sergio-vatta\/#breadcrumb","itemListElement":[{"@type":"ListItem","position":1,"name":"Home","item":"https:\/\/www.museogrigio.it\/wp\/"},{"@type":"ListItem","position":2,"name":"Tributo a Sergio Vatta"}]},{"@type":"WebSite","@id":"https:\/\/www.museogrigio.it\/wp\/#website","url":"https:\/\/www.museogrigio.it\/wp\/","name":"Museo Grigio","description":"Museo Grigio Blog","potentialAction":[{"@type":"SearchAction","target":{"@type":"EntryPoint","urlTemplate":"https:\/\/www.museogrigio.it\/wp\/?s={search_term_string}"},"query-input":{"@type":"PropertyValueSpecification","valueRequired":true,"valueName":"search_term_string"}}],"inLanguage":"it-IT"},{"@type":"Person","@id":"https:\/\/www.museogrigio.it\/wp\/#\/schema\/person\/7ae7f5a79c8f571fd56d74aabb80b3f3","name":"mgblogger","image":{"@type":"ImageObject","inLanguage":"it-IT","@id":"https:\/\/www.museogrigio.it\/wp\/#\/schema\/person\/image\/","url":"https:\/\/secure.gravatar.com\/avatar\/c01466dbaec6f151089fefd81e4e31df853c7b5c4af467acdacd2bda7e1e497a?s=96&d=mm&r=g","contentUrl":"https:\/\/secure.gravatar.com\/avatar\/c01466dbaec6f151089fefd81e4e31df853c7b5c4af467acdacd2bda7e1e497a?s=96&d=mm&r=g","caption":"mgblogger"},"url":"https:\/\/www.museogrigio.it\/wp\/author\/mgblogger\/"}]}},"_links":{"self":[{"href":"https:\/\/www.museogrigio.it\/wp\/wp-json\/wp\/v2\/posts\/43864","targetHints":{"allow":["GET"]}}],"collection":[{"href":"https:\/\/www.museogrigio.it\/wp\/wp-json\/wp\/v2\/posts"}],"about":[{"href":"https:\/\/www.museogrigio.it\/wp\/wp-json\/wp\/v2\/types\/post"}],"author":[{"embeddable":true,"href":"https:\/\/www.museogrigio.it\/wp\/wp-json\/wp\/v2\/users\/3"}],"replies":[{"embeddable":true,"href":"https:\/\/www.museogrigio.it\/wp\/wp-json\/wp\/v2\/comments?post=43864"}],"version-history":[{"count":3,"href":"https:\/\/www.museogrigio.it\/wp\/wp-json\/wp\/v2\/posts\/43864\/revisions"}],"predecessor-version":[{"id":43869,"href":"https:\/\/www.museogrigio.it\/wp\/wp-json\/wp\/v2\/posts\/43864\/revisions\/43869"}],"wp:featuredmedia":[{"embeddable":true,"href":"https:\/\/www.museogrigio.it\/wp\/wp-json\/wp\/v2\/media\/43865"}],"wp:attachment":[{"href":"https:\/\/www.museogrigio.it\/wp\/wp-json\/wp\/v2\/media?parent=43864"}],"wp:term":[{"taxonomy":"category","embeddable":true,"href":"https:\/\/www.museogrigio.it\/wp\/wp-json\/wp\/v2\/categories?post=43864"},{"taxonomy":"post_tag","embeddable":true,"href":"https:\/\/www.museogrigio.it\/wp\/wp-json\/wp\/v2\/tags?post=43864"}],"curies":[{"name":"wp","href":"https:\/\/api.w.org\/{rel}","templated":true}]}}