{"id":2007,"date":"2015-07-11T17:58:23","date_gmt":"2015-07-11T17:58:23","guid":{"rendered":"http:\/\/www.museogrigio.it\/wp\/?p=2007"},"modified":"2015-08-02T13:20:08","modified_gmt":"2015-08-02T13:20:08","slug":"due-nuovi-difensori-per-lorso-grigio","status":"publish","type":"post","link":"https:\/\/www.museogrigio.it\/wp\/due-nuovi-difensori-per-lorso-grigio\/","title":{"rendered":"Due nuovi difensori per l\u2019Orso Grigio"},"content":{"rendered":"<p><strong><a href=\"http:\/\/www.museogrigio.it\/wp\/wp-content\/uploads\/2015\/07\/Manfrin.jpg\"><img loading=\"lazy\" decoding=\"async\" class=\"alignnone size-full wp-image-2008\" src=\"http:\/\/www.museogrigio.it\/wp\/wp-content\/uploads\/2015\/07\/Manfrin.jpg\" alt=\"Manfrin\" width=\"800\" height=\"533\" srcset=\"https:\/\/www.museogrigio.it\/wp\/wp-content\/uploads\/2015\/07\/Manfrin.jpg 800w, https:\/\/www.museogrigio.it\/wp\/wp-content\/uploads\/2015\/07\/Manfrin-300x200.jpg 300w, https:\/\/www.museogrigio.it\/wp\/wp-content\/uploads\/2015\/07\/Manfrin-624x416.jpg 624w\" sizes=\"auto, (max-width: 800px) 100vw, 800px\" \/><\/a><\/strong><\/p>\n<p>&nbsp;<\/p>\n<p><strong>Il presidente Luca di Masi continua la sua brillante campagna acquisti con gli arrivi di due difensori di livello: <a href=\"http:\/\/www.transfermarkt.it\/gianni-manfrin\/profil\/spieler\/167816\">Gianni Manfrin<\/a>, 21 anni, e il croato <a href=\"https:\/\/it.wikipedia.org\/wiki\/Vedran_Celjak\">Vedran Celjak<\/a>, classe 1991.<\/strong><\/p>\n<p><em>\u201cL\u2019<strong>Alessandria<\/strong> mi cercato e voluto con insistenza, chiudendo la trattativa in tempi brevissimi: per un giocatore, questi, non sono dettagli da poco, ma piuttosto particolari che fanno la differenza\u201d<\/em>. <strong>Manfrin<\/strong>, scuola <strong>Chievo<\/strong>, si \u00e8 fatto le ossa nel <strong>Modena<\/strong>.<br \/>\n<em>\u201cUna societ\u00e0 che ha <strong>forza, organizzazione e ambizione<\/strong> si vede da subito. L\u2019impressione nei colloqui con il presidente e il direttore sportivo \u00e8 stata estremamente positiva e lo stesso contatto con le persone e i luoghi della sede mi ha dato buone sensazioni: <strong>sono prontissimo e molto motivato<\/strong> e desideroso di fare bene perch\u00e9 questo deve essere un grande anno per me e per i <strong>Grigi<\/strong>\u201c<\/em> ha dichiarato.<\/p>\n<p><iframe loading=\"lazy\" title=\"Gianni Manfrin prima di Modena-Avellino\" width=\"1080\" height=\"608\" src=\"https:\/\/www.youtube.com\/embed\/7SEN5zNYnbs?feature=oembed\"  allow=\"accelerometer; autoplay; clipboard-write; encrypted-media; gyroscope; picture-in-picture\" allowfullscreen><\/iframe><br \/>\n<strong>Due anni in B, a Modena, pi\u00f9 di 50 partite e quindi gi\u00e0 un bel bagaglio di esperienza\u2026:<\/strong> <em>\u201c<strong>Modena<\/strong> \u00e8 stata una gran bella storia. <strong>Ho imparato molto<\/strong> e di questo sono davvero grato a tutta la societ\u00e0 gialloblu. Abbiamo vissuto momenti esaltanti e situazioni pi\u00f9 difficili, ma questo, come si dice, \u00e8 \u2018mestiere che entra\u2019 e <strong>Modena<\/strong> mi ha fatto davvero crescere, formandomi tanto come uomo e giocatore\u201c<\/em>.<br \/>\n\u201c<strong>Quali sono le tue caratteristiche tecmiche? :<\/strong> <em><strong>Un sinistro abituato a giocare in pi\u00f9 situazioni difensive<\/strong>. A <strong>Modena<\/strong> mi sono mosso in posizioni differenti e, ovviamente, sar\u00e0 il mister a decidere. Io s<strong>ono felice di essere qui, ambizioso e carico<\/strong> e ci vediamo marted\u00ec\u201d<\/em>.<\/p>\n<p><a href=\"http:\/\/www.museogrigio.it\/wp\/wp-content\/uploads\/2015\/07\/Celjak.jpg\"><img loading=\"lazy\" decoding=\"async\" class=\" size-full wp-image-2009 alignleft\" src=\"http:\/\/www.museogrigio.it\/wp\/wp-content\/uploads\/2015\/07\/Celjak.jpg\" alt=\"Celjak\" width=\"299\" height=\"169\" \/><\/a><strong>Vedran Celjak<\/strong> parla dalla<strong> Croazia<\/strong>; la sua voce arriva forte e chiara. Allevato calcisticamente nel <strong>NK Zagabria<\/strong>, fu portato in Italia nel 2011 dalla <strong>Sampdoria<\/strong>. Tra le sue esperienze nel nostro Paese, anche quelle a <strong>Padova<\/strong> e <strong>Benevento<\/strong>, dove lo scorso campionato ha totalizzato 31 gettoni di predenza. Nel 2010 \u00e8 stato anche <strong>nazionale Under 21 con la Croazia<\/strong> ed \u00e8 stato a lungo corteggiato dalla <strong>Salernitana<\/strong>.<br \/>\n<em>\u201cHo seguito costantemente il campionato dell\u2019<strong>Alessandria<\/strong> e ho visto quanto di buono ha fatto la squadra. Quando sono stato cercato, <strong>ho capito da subito quanto voglia ci fosse di fare le cose in grande<\/strong>, per riscattarsi e arrivare a fare un grande risultato\u201c<\/em> ha voluto subito premettere.<br \/>\n<strong>Tu arrivi da una grande stagione e conosci il calcio di questa categoria, ma cosa serve per arrivare pi\u00f9 avanti possibile?:<\/strong> <em>\u201cServe il lavoro quotidiano, la cattiveria, la fame e la voglia di <strong>non mollare mai<\/strong>. A <strong>Benevento<\/strong> abbiamo fatto una grande stagione, ma abbiamo ceduto nel momento decisivo. Questo non deve accadere. Io voglio portare questa convinzione anche in grigio\u201c<\/em>.<br \/>\n\u201c<strong>Cosa sai della tua nuova societ\u00e0?:<\/strong> <em>So di una <strong>societ\u00e0 ambiziosa e strutturata,<\/strong> una di quelle societ\u00e0 che quando arrivano da te \u00e8 perch\u00e9 hanno in testa un progetto ambizioso. E io da questo progetto sono stato incantato\u201c<\/em>.<\/p>\n<p><iframe loading=\"lazy\" title=\"Messina-Benevento 1-1. Il croato Celjak analizza il match del San Filippo\" width=\"1080\" height=\"810\" src=\"https:\/\/www.youtube.com\/embed\/h_z98u6G8ag?feature=oembed\"  allow=\"accelerometer; autoplay; clipboard-write; encrypted-media; gyroscope; picture-in-picture\" allowfullscreen><\/iframe><br \/>\n<strong>Un tuo breve ritratto di calciatore\u2026:<\/strong> \u201c<em><strong>Sono abituato a fare l\u2019esterno basso a destra<\/strong>; lo scorso anno, a <strong>Benevento<\/strong>, ho fatto anche il quinto, ma preferisco la difesa a quattro. Sono abituato a spingere e difendere. Per ora, voglio arrivare da voi e <strong>incominciare subito<\/strong>\u201d<\/em>.<\/p>\n<p style=\"text-align: right;\"><em><strong>Mario Bocchio<\/strong><\/em><\/p>\n","protected":false},"excerpt":{"rendered":"<p>&nbsp; Il presidente Luca di Masi continua la sua brillante campagna acquisti con gli arrivi di due difensori di livello: Gianni Manfrin, 21 anni, e il croato Vedran Celjak, classe 1991. \u201cL\u2019Alessandria mi cercato e voluto con insistenza, chiudendo la trattativa in tempi brevissimi: per un giocatore, questi, non sono dettagli da poco, ma piuttosto [&hellip;]<\/p>\n","protected":false},"author":3,"featured_media":0,"comment_status":"closed","ping_status":"closed","sticky":false,"template":"","format":"standard","meta":{"_et_pb_use_builder":"","_et_pb_old_content":"","_et_gb_content_width":"","inline_featured_image":false,"_monsterinsights_skip_tracking":false,"_monsterinsights_sitenote_active":false,"_monsterinsights_sitenote_note":"","_monsterinsights_sitenote_category":0,"footnotes":""},"categories":[16],"tags":[],"class_list":["post-2007","post","type-post","status-publish","format-standard","hentry","category-news"],"yoast_head":"<!-- This site is optimized with the Yoast SEO plugin v26.6 - https:\/\/yoast.com\/wordpress\/plugins\/seo\/ -->\n<title>Due nuovi difensori per l\u2019Orso Grigio - Museo Grigio<\/title>\n<meta name=\"robots\" content=\"index, follow, max-snippet:-1, max-image-preview:large, max-video-preview:-1\" \/>\n<link rel=\"canonical\" href=\"https:\/\/www.museogrigio.it\/wp\/due-nuovi-difensori-per-lorso-grigio\/\" \/>\n<meta property=\"og:locale\" content=\"it_IT\" \/>\n<meta property=\"og:type\" content=\"article\" \/>\n<meta property=\"og:title\" content=\"Due nuovi difensori per l\u2019Orso Grigio - Museo Grigio\" \/>\n<meta property=\"og:description\" content=\"&nbsp; Il presidente Luca di Masi continua la sua brillante campagna acquisti con gli arrivi di due difensori di livello: Gianni Manfrin, 21 anni, e il croato Vedran Celjak, classe 1991. \u201cL\u2019Alessandria mi cercato e voluto con insistenza, chiudendo la trattativa in tempi brevissimi: per un giocatore, questi, non sono dettagli da poco, ma piuttosto [&hellip;]\" \/>\n<meta property=\"og:url\" content=\"https:\/\/www.museogrigio.it\/wp\/due-nuovi-difensori-per-lorso-grigio\/\" \/>\n<meta property=\"og:site_name\" content=\"Museo Grigio\" \/>\n<meta property=\"article:published_time\" content=\"2015-07-11T17:58:23+00:00\" \/>\n<meta property=\"article:modified_time\" content=\"2015-08-02T13:20:08+00:00\" \/>\n<meta property=\"og:image\" content=\"http:\/\/www.museogrigio.it\/wp\/wp-content\/uploads\/2015\/07\/Manfrin.jpg\" \/>\n<meta name=\"author\" content=\"mgblogger\" \/>\n<meta name=\"twitter:card\" content=\"summary_large_image\" \/>\n<meta name=\"twitter:label1\" content=\"Scritto da\" \/>\n\t<meta name=\"twitter:data1\" content=\"mgblogger\" \/>\n\t<meta name=\"twitter:label2\" content=\"Tempo di lettura stimato\" \/>\n\t<meta name=\"twitter:data2\" content=\"3 minuti\" \/>\n<script type=\"application\/ld+json\" class=\"yoast-schema-graph\">{\"@context\":\"https:\/\/schema.org\",\"@graph\":[{\"@type\":\"WebPage\",\"@id\":\"https:\/\/www.museogrigio.it\/wp\/due-nuovi-difensori-per-lorso-grigio\/\",\"url\":\"https:\/\/www.museogrigio.it\/wp\/due-nuovi-difensori-per-lorso-grigio\/\",\"name\":\"Due nuovi difensori per l\u2019Orso Grigio - Museo Grigio\",\"isPartOf\":{\"@id\":\"https:\/\/www.museogrigio.it\/wp\/#website\"},\"primaryImageOfPage\":{\"@id\":\"https:\/\/www.museogrigio.it\/wp\/due-nuovi-difensori-per-lorso-grigio\/#primaryimage\"},\"image\":{\"@id\":\"https:\/\/www.museogrigio.it\/wp\/due-nuovi-difensori-per-lorso-grigio\/#primaryimage\"},\"thumbnailUrl\":\"http:\/\/www.museogrigio.it\/wp\/wp-content\/uploads\/2015\/07\/Manfrin.jpg\",\"datePublished\":\"2015-07-11T17:58:23+00:00\",\"dateModified\":\"2015-08-02T13:20:08+00:00\",\"author\":{\"@id\":\"https:\/\/www.museogrigio.it\/wp\/#\/schema\/person\/7ae7f5a79c8f571fd56d74aabb80b3f3\"},\"breadcrumb\":{\"@id\":\"https:\/\/www.museogrigio.it\/wp\/due-nuovi-difensori-per-lorso-grigio\/#breadcrumb\"},\"inLanguage\":\"it-IT\",\"potentialAction\":[{\"@type\":\"ReadAction\",\"target\":[\"https:\/\/www.museogrigio.it\/wp\/due-nuovi-difensori-per-lorso-grigio\/\"]}]},{\"@type\":\"ImageObject\",\"inLanguage\":\"it-IT\",\"@id\":\"https:\/\/www.museogrigio.it\/wp\/due-nuovi-difensori-per-lorso-grigio\/#primaryimage\",\"url\":\"https:\/\/www.museogrigio.it\/wp\/wp-content\/uploads\/2015\/07\/Manfrin.jpg\",\"contentUrl\":\"https:\/\/www.museogrigio.it\/wp\/wp-content\/uploads\/2015\/07\/Manfrin.jpg\",\"width\":800,\"height\":533},{\"@type\":\"BreadcrumbList\",\"@id\":\"https:\/\/www.museogrigio.it\/wp\/due-nuovi-difensori-per-lorso-grigio\/#breadcrumb\",\"itemListElement\":[{\"@type\":\"ListItem\",\"position\":1,\"name\":\"Home\",\"item\":\"https:\/\/www.museogrigio.it\/wp\/\"},{\"@type\":\"ListItem\",\"position\":2,\"name\":\"Due nuovi difensori per l\u2019Orso Grigio\"}]},{\"@type\":\"WebSite\",\"@id\":\"https:\/\/www.museogrigio.it\/wp\/#website\",\"url\":\"https:\/\/www.museogrigio.it\/wp\/\",\"name\":\"Museo Grigio\",\"description\":\"Museo Grigio Blog\",\"potentialAction\":[{\"@type\":\"SearchAction\",\"target\":{\"@type\":\"EntryPoint\",\"urlTemplate\":\"https:\/\/www.museogrigio.it\/wp\/?s={search_term_string}\"},\"query-input\":{\"@type\":\"PropertyValueSpecification\",\"valueRequired\":true,\"valueName\":\"search_term_string\"}}],\"inLanguage\":\"it-IT\"},{\"@type\":\"Person\",\"@id\":\"https:\/\/www.museogrigio.it\/wp\/#\/schema\/person\/7ae7f5a79c8f571fd56d74aabb80b3f3\",\"name\":\"mgblogger\",\"image\":{\"@type\":\"ImageObject\",\"inLanguage\":\"it-IT\",\"@id\":\"https:\/\/www.museogrigio.it\/wp\/#\/schema\/person\/image\/\",\"url\":\"https:\/\/secure.gravatar.com\/avatar\/c01466dbaec6f151089fefd81e4e31df853c7b5c4af467acdacd2bda7e1e497a?s=96&d=mm&r=g\",\"contentUrl\":\"https:\/\/secure.gravatar.com\/avatar\/c01466dbaec6f151089fefd81e4e31df853c7b5c4af467acdacd2bda7e1e497a?s=96&d=mm&r=g\",\"caption\":\"mgblogger\"},\"url\":\"https:\/\/www.museogrigio.it\/wp\/author\/mgblogger\/\"}]}<\/script>\n<!-- \/ Yoast SEO plugin. -->","yoast_head_json":{"title":"Due nuovi difensori per l\u2019Orso Grigio - Museo Grigio","robots":{"index":"index","follow":"follow","max-snippet":"max-snippet:-1","max-image-preview":"max-image-preview:large","max-video-preview":"max-video-preview:-1"},"canonical":"https:\/\/www.museogrigio.it\/wp\/due-nuovi-difensori-per-lorso-grigio\/","og_locale":"it_IT","og_type":"article","og_title":"Due nuovi difensori per l\u2019Orso Grigio - Museo Grigio","og_description":"&nbsp; Il presidente Luca di Masi continua la sua brillante campagna acquisti con gli arrivi di due difensori di livello: Gianni Manfrin, 21 anni, e il croato Vedran Celjak, classe 1991. \u201cL\u2019Alessandria mi cercato e voluto con insistenza, chiudendo la trattativa in tempi brevissimi: per un giocatore, questi, non sono dettagli da poco, ma piuttosto [&hellip;]","og_url":"https:\/\/www.museogrigio.it\/wp\/due-nuovi-difensori-per-lorso-grigio\/","og_site_name":"Museo Grigio","article_published_time":"2015-07-11T17:58:23+00:00","article_modified_time":"2015-08-02T13:20:08+00:00","og_image":[{"url":"http:\/\/www.museogrigio.it\/wp\/wp-content\/uploads\/2015\/07\/Manfrin.jpg","type":"","width":"","height":""}],"author":"mgblogger","twitter_card":"summary_large_image","twitter_misc":{"Scritto da":"mgblogger","Tempo di lettura stimato":"3 minuti"},"schema":{"@context":"https:\/\/schema.org","@graph":[{"@type":"WebPage","@id":"https:\/\/www.museogrigio.it\/wp\/due-nuovi-difensori-per-lorso-grigio\/","url":"https:\/\/www.museogrigio.it\/wp\/due-nuovi-difensori-per-lorso-grigio\/","name":"Due nuovi difensori per l\u2019Orso Grigio - Museo Grigio","isPartOf":{"@id":"https:\/\/www.museogrigio.it\/wp\/#website"},"primaryImageOfPage":{"@id":"https:\/\/www.museogrigio.it\/wp\/due-nuovi-difensori-per-lorso-grigio\/#primaryimage"},"image":{"@id":"https:\/\/www.museogrigio.it\/wp\/due-nuovi-difensori-per-lorso-grigio\/#primaryimage"},"thumbnailUrl":"http:\/\/www.museogrigio.it\/wp\/wp-content\/uploads\/2015\/07\/Manfrin.jpg","datePublished":"2015-07-11T17:58:23+00:00","dateModified":"2015-08-02T13:20:08+00:00","author":{"@id":"https:\/\/www.museogrigio.it\/wp\/#\/schema\/person\/7ae7f5a79c8f571fd56d74aabb80b3f3"},"breadcrumb":{"@id":"https:\/\/www.museogrigio.it\/wp\/due-nuovi-difensori-per-lorso-grigio\/#breadcrumb"},"inLanguage":"it-IT","potentialAction":[{"@type":"ReadAction","target":["https:\/\/www.museogrigio.it\/wp\/due-nuovi-difensori-per-lorso-grigio\/"]}]},{"@type":"ImageObject","inLanguage":"it-IT","@id":"https:\/\/www.museogrigio.it\/wp\/due-nuovi-difensori-per-lorso-grigio\/#primaryimage","url":"https:\/\/www.museogrigio.it\/wp\/wp-content\/uploads\/2015\/07\/Manfrin.jpg","contentUrl":"https:\/\/www.museogrigio.it\/wp\/wp-content\/uploads\/2015\/07\/Manfrin.jpg","width":800,"height":533},{"@type":"BreadcrumbList","@id":"https:\/\/www.museogrigio.it\/wp\/due-nuovi-difensori-per-lorso-grigio\/#breadcrumb","itemListElement":[{"@type":"ListItem","position":1,"name":"Home","item":"https:\/\/www.museogrigio.it\/wp\/"},{"@type":"ListItem","position":2,"name":"Due nuovi difensori per l\u2019Orso Grigio"}]},{"@type":"WebSite","@id":"https:\/\/www.museogrigio.it\/wp\/#website","url":"https:\/\/www.museogrigio.it\/wp\/","name":"Museo Grigio","description":"Museo Grigio Blog","potentialAction":[{"@type":"SearchAction","target":{"@type":"EntryPoint","urlTemplate":"https:\/\/www.museogrigio.it\/wp\/?s={search_term_string}"},"query-input":{"@type":"PropertyValueSpecification","valueRequired":true,"valueName":"search_term_string"}}],"inLanguage":"it-IT"},{"@type":"Person","@id":"https:\/\/www.museogrigio.it\/wp\/#\/schema\/person\/7ae7f5a79c8f571fd56d74aabb80b3f3","name":"mgblogger","image":{"@type":"ImageObject","inLanguage":"it-IT","@id":"https:\/\/www.museogrigio.it\/wp\/#\/schema\/person\/image\/","url":"https:\/\/secure.gravatar.com\/avatar\/c01466dbaec6f151089fefd81e4e31df853c7b5c4af467acdacd2bda7e1e497a?s=96&d=mm&r=g","contentUrl":"https:\/\/secure.gravatar.com\/avatar\/c01466dbaec6f151089fefd81e4e31df853c7b5c4af467acdacd2bda7e1e497a?s=96&d=mm&r=g","caption":"mgblogger"},"url":"https:\/\/www.museogrigio.it\/wp\/author\/mgblogger\/"}]}},"_links":{"self":[{"href":"https:\/\/www.museogrigio.it\/wp\/wp-json\/wp\/v2\/posts\/2007","targetHints":{"allow":["GET"]}}],"collection":[{"href":"https:\/\/www.museogrigio.it\/wp\/wp-json\/wp\/v2\/posts"}],"about":[{"href":"https:\/\/www.museogrigio.it\/wp\/wp-json\/wp\/v2\/types\/post"}],"author":[{"embeddable":true,"href":"https:\/\/www.museogrigio.it\/wp\/wp-json\/wp\/v2\/users\/3"}],"replies":[{"embeddable":true,"href":"https:\/\/www.museogrigio.it\/wp\/wp-json\/wp\/v2\/comments?post=2007"}],"version-history":[{"count":2,"href":"https:\/\/www.museogrigio.it\/wp\/wp-json\/wp\/v2\/posts\/2007\/revisions"}],"predecessor-version":[{"id":2011,"href":"https:\/\/www.museogrigio.it\/wp\/wp-json\/wp\/v2\/posts\/2007\/revisions\/2011"}],"wp:attachment":[{"href":"https:\/\/www.museogrigio.it\/wp\/wp-json\/wp\/v2\/media?parent=2007"}],"wp:term":[{"taxonomy":"category","embeddable":true,"href":"https:\/\/www.museogrigio.it\/wp\/wp-json\/wp\/v2\/categories?post=2007"},{"taxonomy":"post_tag","embeddable":true,"href":"https:\/\/www.museogrigio.it\/wp\/wp-json\/wp\/v2\/tags?post=2007"}],"curies":[{"name":"wp","href":"https:\/\/api.w.org\/{rel}","templated":true}]}}