{"id":1926,"date":"2015-06-26T08:18:38","date_gmt":"2015-06-26T08:18:38","guid":{"rendered":"http:\/\/www.museogrigio.it\/wp\/?p=1926"},"modified":"2015-08-02T13:24:58","modified_gmt":"2015-08-02T13:24:58","slug":"i-primi-due-acquisti-dellalessandria","status":"publish","type":"post","link":"https:\/\/www.museogrigio.it\/wp\/i-primi-due-acquisti-dellalessandria\/","title":{"rendered":"I primi due acquisti dell\u2019Alessandria"},"content":{"rendered":"<p><a href=\"http:\/\/www.museogrigio.it\/wp\/wp-content\/uploads\/2015\/06\/Bocalon_Riccardo_01.jpg\"><img loading=\"lazy\" decoding=\"async\" class=\"alignnone size-full wp-image-1927\" src=\"http:\/\/www.museogrigio.it\/wp\/wp-content\/uploads\/2015\/06\/Bocalon_Riccardo_01.jpg\" alt=\"Bocalon_Riccardo_01\" width=\"900\" height=\"656\" srcset=\"https:\/\/www.museogrigio.it\/wp\/wp-content\/uploads\/2015\/06\/Bocalon_Riccardo_01.jpg 900w, https:\/\/www.museogrigio.it\/wp\/wp-content\/uploads\/2015\/06\/Bocalon_Riccardo_01-300x219.jpg 300w, https:\/\/www.museogrigio.it\/wp\/wp-content\/uploads\/2015\/06\/Bocalon_Riccardo_01-624x455.jpg 624w\" sizes=\"auto, (max-width: 900px) 100vw, 900px\" \/><\/a><\/p>\n<p>&nbsp;<\/p>\n<p>L\u2019Alessandria Calcio ha comunicato di aver acquistato, a titolo definitivo dall\u2019Inter, <a href=\"https:\/\/en.wikipedia.org\/wiki\/Riccardo_Bocalon\">Riccardo Bocalon<\/a>. Per l\u2019attaccante, classe 1989, contratto di 3 anni.<br \/>\nVestir\u00e0 la gloriosa maglia grigia anche <a href=\"https:\/\/en.wikipedia.org\/wiki\/Filippo_Boniperti\">Filippo Boniperti<\/a>, nipote d\u2019arte, visto che suo nonno \u00e8 Giampiero. L\u2019esterno d\u2019attacco, classe 1991, sar\u00e0 legato all\u2019Orso Grigio sino al 30 giugno 2017.<\/p>\n<p><em>\u201cLa sintonia \u00e8 scattata subito. L\u2019entusiasmo del presidente \u00e8 stato a dir poco contagioso, le sue parole stimolanti, tanto da farmi sentire da subito orgoglioso di essere Grigio\u2026e sono qui\u201c.<\/em> <strong>Queste le prime parole di Boniperti<\/strong>, gi\u00e0 perfettamente a suo agio nella sua nuova dimensione.<\/p>\n<p><em>\u201cIl progetto della societ\u00e0 \u00e8 serio e affascinante. Impossibile non farsi coinvolgere<\/em> &#8211; aggiunge <strong>Filippo<\/strong> -. <em>La piazza \u00e8 prestigiosa; Qui si respirano storia e tradizione, ma come per ogni situazione a tutto questo prestigio bisogna dare poi una prospettiva, coi risultati e le vittorie. Ed \u00e8 quello che voglio fare con l\u2019impegno e il lavoro, umilmente mettendomi a disposizione<\/em>\u201c.<a href=\"http:\/\/www.museogrigio.it\/wp\/wp-content\/uploads\/2015\/06\/Filippo-Boniperti-Parma.jpg\"><img loading=\"lazy\" decoding=\"async\" class=\"alignnone size-full wp-image-1929\" src=\"http:\/\/www.museogrigio.it\/wp\/wp-content\/uploads\/2015\/06\/Filippo-Boniperti-Parma.jpg\" alt=\"Filippo-Boniperti-Parma\" width=\"594\" height=\"392\" srcset=\"https:\/\/www.museogrigio.it\/wp\/wp-content\/uploads\/2015\/06\/Filippo-Boniperti-Parma.jpg 594w, https:\/\/www.museogrigio.it\/wp\/wp-content\/uploads\/2015\/06\/Filippo-Boniperti-Parma-300x198.jpg 300w\" sizes=\"auto, (max-width: 594px) 100vw, 594px\" \/><\/a><\/p>\n<p><strong>Che giocatore sei, Filippo? Descriviti\u2026<\/strong>: <em>\u201cSono un esterno d\u2019attacco, ma su come dovr\u00f2 essere impiegato, ovviamente, sar\u00e0 il mister a decidere\u2026\u201c.<\/em><\/p>\n<p><strong>A proposito di Mister, conosci Scienza?: <\/strong><em>\u201cS\u00ec, so che un allenatore che fa lavorare tanto, un tecnico scrupoloso e preparato\u201c.<\/em><\/p>\n<p><strong>E dei tuoi nuovi compagni chi ricordi?:<\/strong> <em>\u201cMolti per averli affrontati e poi Terigi e Boccalon, con me qualche anno fa a Carpi\u201c.<\/em><\/p>\n<p><strong>Forse \u00e8 troppo presto per fare ragionamenti e valutazioni sulla prossima stagione, per\u00f2 il campionato appena concluso dice che questo \u00e8 un girone di livello. Ti senti pronto?:<\/strong> <em>\u201cCerto; per me Alessandria \u00e8 un momento importante della carriera. Forse una svolta. La societ\u00e0 ha investito su di me e io cercher\u00f2 di rispondere adeguatamente. Ci aspetta una stagione certamente impegnativa, con avversarie di livello, ma qui vedo competenza ed ottimismo. E questo mi sembra un gran bel modo per partire\u2026\u201d<\/em>.<\/p>\n<p style=\"text-align: right;\"><strong><em>Mario Bocchio<\/em><\/strong><\/p>\n<p>&nbsp;<\/p>\n","protected":false},"excerpt":{"rendered":"<p>&nbsp; L\u2019Alessandria Calcio ha comunicato di aver acquistato, a titolo definitivo dall\u2019Inter, Riccardo Bocalon. Per l\u2019attaccante, classe 1989, contratto di 3 anni. Vestir\u00e0 la gloriosa maglia grigia anche Filippo Boniperti, nipote d\u2019arte, visto che suo nonno \u00e8 Giampiero. L\u2019esterno d\u2019attacco, classe 1991, sar\u00e0 legato all\u2019Orso Grigio sino al 30 giugno 2017. \u201cLa sintonia \u00e8 scattata [&hellip;]<\/p>\n","protected":false},"author":3,"featured_media":0,"comment_status":"closed","ping_status":"closed","sticky":false,"template":"","format":"standard","meta":{"_et_pb_use_builder":"","_et_pb_old_content":"","_et_gb_content_width":"","inline_featured_image":false,"_monsterinsights_skip_tracking":false,"_monsterinsights_sitenote_active":false,"_monsterinsights_sitenote_note":"","_monsterinsights_sitenote_category":0,"footnotes":""},"categories":[16],"tags":[],"class_list":["post-1926","post","type-post","status-publish","format-standard","hentry","category-news"],"yoast_head":"<!-- This site is optimized with the Yoast SEO plugin v26.6 - https:\/\/yoast.com\/wordpress\/plugins\/seo\/ -->\n<title>I primi due acquisti dell\u2019Alessandria - Museo Grigio<\/title>\n<meta name=\"robots\" content=\"index, follow, max-snippet:-1, max-image-preview:large, max-video-preview:-1\" \/>\n<link rel=\"canonical\" href=\"https:\/\/www.museogrigio.it\/wp\/i-primi-due-acquisti-dellalessandria\/\" \/>\n<meta property=\"og:locale\" content=\"it_IT\" \/>\n<meta property=\"og:type\" content=\"article\" \/>\n<meta property=\"og:title\" content=\"I primi due acquisti dell\u2019Alessandria - Museo Grigio\" \/>\n<meta property=\"og:description\" content=\"&nbsp; L\u2019Alessandria Calcio ha comunicato di aver acquistato, a titolo definitivo dall\u2019Inter, Riccardo Bocalon. Per l\u2019attaccante, classe 1989, contratto di 3 anni. Vestir\u00e0 la gloriosa maglia grigia anche Filippo Boniperti, nipote d\u2019arte, visto che suo nonno \u00e8 Giampiero. L\u2019esterno d\u2019attacco, classe 1991, sar\u00e0 legato all\u2019Orso Grigio sino al 30 giugno 2017. \u201cLa sintonia \u00e8 scattata [&hellip;]\" \/>\n<meta property=\"og:url\" content=\"https:\/\/www.museogrigio.it\/wp\/i-primi-due-acquisti-dellalessandria\/\" \/>\n<meta property=\"og:site_name\" content=\"Museo Grigio\" \/>\n<meta property=\"article:published_time\" content=\"2015-06-26T08:18:38+00:00\" \/>\n<meta property=\"article:modified_time\" content=\"2015-08-02T13:24:58+00:00\" \/>\n<meta property=\"og:image\" content=\"http:\/\/www.museogrigio.it\/wp\/wp-content\/uploads\/2015\/06\/Bocalon_Riccardo_01.jpg\" \/>\n<meta name=\"author\" content=\"mgblogger\" \/>\n<meta name=\"twitter:card\" content=\"summary_large_image\" \/>\n<meta name=\"twitter:label1\" content=\"Scritto da\" \/>\n\t<meta name=\"twitter:data1\" content=\"mgblogger\" \/>\n\t<meta name=\"twitter:label2\" content=\"Tempo di lettura stimato\" \/>\n\t<meta name=\"twitter:data2\" content=\"2 minuti\" \/>\n<script type=\"application\/ld+json\" class=\"yoast-schema-graph\">{\"@context\":\"https:\/\/schema.org\",\"@graph\":[{\"@type\":\"WebPage\",\"@id\":\"https:\/\/www.museogrigio.it\/wp\/i-primi-due-acquisti-dellalessandria\/\",\"url\":\"https:\/\/www.museogrigio.it\/wp\/i-primi-due-acquisti-dellalessandria\/\",\"name\":\"I primi due acquisti dell\u2019Alessandria - Museo Grigio\",\"isPartOf\":{\"@id\":\"https:\/\/www.museogrigio.it\/wp\/#website\"},\"primaryImageOfPage\":{\"@id\":\"https:\/\/www.museogrigio.it\/wp\/i-primi-due-acquisti-dellalessandria\/#primaryimage\"},\"image\":{\"@id\":\"https:\/\/www.museogrigio.it\/wp\/i-primi-due-acquisti-dellalessandria\/#primaryimage\"},\"thumbnailUrl\":\"http:\/\/www.museogrigio.it\/wp\/wp-content\/uploads\/2015\/06\/Bocalon_Riccardo_01.jpg\",\"datePublished\":\"2015-06-26T08:18:38+00:00\",\"dateModified\":\"2015-08-02T13:24:58+00:00\",\"author\":{\"@id\":\"https:\/\/www.museogrigio.it\/wp\/#\/schema\/person\/7ae7f5a79c8f571fd56d74aabb80b3f3\"},\"breadcrumb\":{\"@id\":\"https:\/\/www.museogrigio.it\/wp\/i-primi-due-acquisti-dellalessandria\/#breadcrumb\"},\"inLanguage\":\"it-IT\",\"potentialAction\":[{\"@type\":\"ReadAction\",\"target\":[\"https:\/\/www.museogrigio.it\/wp\/i-primi-due-acquisti-dellalessandria\/\"]}]},{\"@type\":\"ImageObject\",\"inLanguage\":\"it-IT\",\"@id\":\"https:\/\/www.museogrigio.it\/wp\/i-primi-due-acquisti-dellalessandria\/#primaryimage\",\"url\":\"https:\/\/www.museogrigio.it\/wp\/wp-content\/uploads\/2015\/06\/Bocalon_Riccardo_01.jpg\",\"contentUrl\":\"https:\/\/www.museogrigio.it\/wp\/wp-content\/uploads\/2015\/06\/Bocalon_Riccardo_01.jpg\",\"width\":900,\"height\":656},{\"@type\":\"BreadcrumbList\",\"@id\":\"https:\/\/www.museogrigio.it\/wp\/i-primi-due-acquisti-dellalessandria\/#breadcrumb\",\"itemListElement\":[{\"@type\":\"ListItem\",\"position\":1,\"name\":\"Home\",\"item\":\"https:\/\/www.museogrigio.it\/wp\/\"},{\"@type\":\"ListItem\",\"position\":2,\"name\":\"I primi due acquisti dell\u2019Alessandria\"}]},{\"@type\":\"WebSite\",\"@id\":\"https:\/\/www.museogrigio.it\/wp\/#website\",\"url\":\"https:\/\/www.museogrigio.it\/wp\/\",\"name\":\"Museo Grigio\",\"description\":\"Museo Grigio Blog\",\"potentialAction\":[{\"@type\":\"SearchAction\",\"target\":{\"@type\":\"EntryPoint\",\"urlTemplate\":\"https:\/\/www.museogrigio.it\/wp\/?s={search_term_string}\"},\"query-input\":{\"@type\":\"PropertyValueSpecification\",\"valueRequired\":true,\"valueName\":\"search_term_string\"}}],\"inLanguage\":\"it-IT\"},{\"@type\":\"Person\",\"@id\":\"https:\/\/www.museogrigio.it\/wp\/#\/schema\/person\/7ae7f5a79c8f571fd56d74aabb80b3f3\",\"name\":\"mgblogger\",\"image\":{\"@type\":\"ImageObject\",\"inLanguage\":\"it-IT\",\"@id\":\"https:\/\/www.museogrigio.it\/wp\/#\/schema\/person\/image\/\",\"url\":\"https:\/\/secure.gravatar.com\/avatar\/c01466dbaec6f151089fefd81e4e31df853c7b5c4af467acdacd2bda7e1e497a?s=96&d=mm&r=g\",\"contentUrl\":\"https:\/\/secure.gravatar.com\/avatar\/c01466dbaec6f151089fefd81e4e31df853c7b5c4af467acdacd2bda7e1e497a?s=96&d=mm&r=g\",\"caption\":\"mgblogger\"},\"url\":\"https:\/\/www.museogrigio.it\/wp\/author\/mgblogger\/\"}]}<\/script>\n<!-- \/ Yoast SEO plugin. -->","yoast_head_json":{"title":"I primi due acquisti dell\u2019Alessandria - Museo Grigio","robots":{"index":"index","follow":"follow","max-snippet":"max-snippet:-1","max-image-preview":"max-image-preview:large","max-video-preview":"max-video-preview:-1"},"canonical":"https:\/\/www.museogrigio.it\/wp\/i-primi-due-acquisti-dellalessandria\/","og_locale":"it_IT","og_type":"article","og_title":"I primi due acquisti dell\u2019Alessandria - Museo Grigio","og_description":"&nbsp; L\u2019Alessandria Calcio ha comunicato di aver acquistato, a titolo definitivo dall\u2019Inter, Riccardo Bocalon. Per l\u2019attaccante, classe 1989, contratto di 3 anni. Vestir\u00e0 la gloriosa maglia grigia anche Filippo Boniperti, nipote d\u2019arte, visto che suo nonno \u00e8 Giampiero. L\u2019esterno d\u2019attacco, classe 1991, sar\u00e0 legato all\u2019Orso Grigio sino al 30 giugno 2017. \u201cLa sintonia \u00e8 scattata [&hellip;]","og_url":"https:\/\/www.museogrigio.it\/wp\/i-primi-due-acquisti-dellalessandria\/","og_site_name":"Museo Grigio","article_published_time":"2015-06-26T08:18:38+00:00","article_modified_time":"2015-08-02T13:24:58+00:00","og_image":[{"url":"http:\/\/www.museogrigio.it\/wp\/wp-content\/uploads\/2015\/06\/Bocalon_Riccardo_01.jpg","type":"","width":"","height":""}],"author":"mgblogger","twitter_card":"summary_large_image","twitter_misc":{"Scritto da":"mgblogger","Tempo di lettura stimato":"2 minuti"},"schema":{"@context":"https:\/\/schema.org","@graph":[{"@type":"WebPage","@id":"https:\/\/www.museogrigio.it\/wp\/i-primi-due-acquisti-dellalessandria\/","url":"https:\/\/www.museogrigio.it\/wp\/i-primi-due-acquisti-dellalessandria\/","name":"I primi due acquisti dell\u2019Alessandria - Museo Grigio","isPartOf":{"@id":"https:\/\/www.museogrigio.it\/wp\/#website"},"primaryImageOfPage":{"@id":"https:\/\/www.museogrigio.it\/wp\/i-primi-due-acquisti-dellalessandria\/#primaryimage"},"image":{"@id":"https:\/\/www.museogrigio.it\/wp\/i-primi-due-acquisti-dellalessandria\/#primaryimage"},"thumbnailUrl":"http:\/\/www.museogrigio.it\/wp\/wp-content\/uploads\/2015\/06\/Bocalon_Riccardo_01.jpg","datePublished":"2015-06-26T08:18:38+00:00","dateModified":"2015-08-02T13:24:58+00:00","author":{"@id":"https:\/\/www.museogrigio.it\/wp\/#\/schema\/person\/7ae7f5a79c8f571fd56d74aabb80b3f3"},"breadcrumb":{"@id":"https:\/\/www.museogrigio.it\/wp\/i-primi-due-acquisti-dellalessandria\/#breadcrumb"},"inLanguage":"it-IT","potentialAction":[{"@type":"ReadAction","target":["https:\/\/www.museogrigio.it\/wp\/i-primi-due-acquisti-dellalessandria\/"]}]},{"@type":"ImageObject","inLanguage":"it-IT","@id":"https:\/\/www.museogrigio.it\/wp\/i-primi-due-acquisti-dellalessandria\/#primaryimage","url":"https:\/\/www.museogrigio.it\/wp\/wp-content\/uploads\/2015\/06\/Bocalon_Riccardo_01.jpg","contentUrl":"https:\/\/www.museogrigio.it\/wp\/wp-content\/uploads\/2015\/06\/Bocalon_Riccardo_01.jpg","width":900,"height":656},{"@type":"BreadcrumbList","@id":"https:\/\/www.museogrigio.it\/wp\/i-primi-due-acquisti-dellalessandria\/#breadcrumb","itemListElement":[{"@type":"ListItem","position":1,"name":"Home","item":"https:\/\/www.museogrigio.it\/wp\/"},{"@type":"ListItem","position":2,"name":"I primi due acquisti dell\u2019Alessandria"}]},{"@type":"WebSite","@id":"https:\/\/www.museogrigio.it\/wp\/#website","url":"https:\/\/www.museogrigio.it\/wp\/","name":"Museo Grigio","description":"Museo Grigio Blog","potentialAction":[{"@type":"SearchAction","target":{"@type":"EntryPoint","urlTemplate":"https:\/\/www.museogrigio.it\/wp\/?s={search_term_string}"},"query-input":{"@type":"PropertyValueSpecification","valueRequired":true,"valueName":"search_term_string"}}],"inLanguage":"it-IT"},{"@type":"Person","@id":"https:\/\/www.museogrigio.it\/wp\/#\/schema\/person\/7ae7f5a79c8f571fd56d74aabb80b3f3","name":"mgblogger","image":{"@type":"ImageObject","inLanguage":"it-IT","@id":"https:\/\/www.museogrigio.it\/wp\/#\/schema\/person\/image\/","url":"https:\/\/secure.gravatar.com\/avatar\/c01466dbaec6f151089fefd81e4e31df853c7b5c4af467acdacd2bda7e1e497a?s=96&d=mm&r=g","contentUrl":"https:\/\/secure.gravatar.com\/avatar\/c01466dbaec6f151089fefd81e4e31df853c7b5c4af467acdacd2bda7e1e497a?s=96&d=mm&r=g","caption":"mgblogger"},"url":"https:\/\/www.museogrigio.it\/wp\/author\/mgblogger\/"}]}},"_links":{"self":[{"href":"https:\/\/www.museogrigio.it\/wp\/wp-json\/wp\/v2\/posts\/1926","targetHints":{"allow":["GET"]}}],"collection":[{"href":"https:\/\/www.museogrigio.it\/wp\/wp-json\/wp\/v2\/posts"}],"about":[{"href":"https:\/\/www.museogrigio.it\/wp\/wp-json\/wp\/v2\/types\/post"}],"author":[{"embeddable":true,"href":"https:\/\/www.museogrigio.it\/wp\/wp-json\/wp\/v2\/users\/3"}],"replies":[{"embeddable":true,"href":"https:\/\/www.museogrigio.it\/wp\/wp-json\/wp\/v2\/comments?post=1926"}],"version-history":[{"count":4,"href":"https:\/\/www.museogrigio.it\/wp\/wp-json\/wp\/v2\/posts\/1926\/revisions"}],"predecessor-version":[{"id":1992,"href":"https:\/\/www.museogrigio.it\/wp\/wp-json\/wp\/v2\/posts\/1926\/revisions\/1992"}],"wp:attachment":[{"href":"https:\/\/www.museogrigio.it\/wp\/wp-json\/wp\/v2\/media?parent=1926"}],"wp:term":[{"taxonomy":"category","embeddable":true,"href":"https:\/\/www.museogrigio.it\/wp\/wp-json\/wp\/v2\/categories?post=1926"},{"taxonomy":"post_tag","embeddable":true,"href":"https:\/\/www.museogrigio.it\/wp\/wp-json\/wp\/v2\/tags?post=1926"}],"curies":[{"name":"wp","href":"https:\/\/api.w.org\/{rel}","templated":true}]}}