{"id":11128,"date":"2016-12-14T09:11:32","date_gmt":"2016-12-14T09:11:32","guid":{"rendered":"http:\/\/www.museogrigio.it\/wp\/?p=11128"},"modified":"2020-08-24T13:00:59","modified_gmt":"2020-08-24T13:00:59","slug":"la-storia-dei-grigi-a-fumetti-che-figata-stiamo-arrivando","status":"publish","type":"post","link":"https:\/\/www.museogrigio.it\/wp\/la-storia-dei-grigi-a-fumetti-che-figata-stiamo-arrivando\/","title":{"rendered":"La storia dei Grigi a fumetti&#8230; Che figata! Stiamo arrivando!&#8230;"},"content":{"rendered":"<p><a href=\"https:\/\/www.museogrigio.it\/wp\/wp-content\/uploads\/2020\/08\/Pubblicita-libro.jpg\"><img loading=\"lazy\" decoding=\"async\" class=\"alignnone wp-image-21136 size-full\" src=\"https:\/\/www.museogrigio.it\/wp\/wp-content\/uploads\/2020\/08\/Pubblicita-libro.jpg\" alt=\"\" width=\"960\" height=\"599\" srcset=\"https:\/\/www.museogrigio.it\/wp\/wp-content\/uploads\/2020\/08\/Pubblicita-libro.jpg 960w, https:\/\/www.museogrigio.it\/wp\/wp-content\/uploads\/2020\/08\/Pubblicita-libro-300x187.jpg 300w, https:\/\/www.museogrigio.it\/wp\/wp-content\/uploads\/2020\/08\/Pubblicita-libro-768x479.jpg 768w, https:\/\/www.museogrigio.it\/wp\/wp-content\/uploads\/2020\/08\/Pubblicita-libro-624x389.jpg 624w\" sizes=\"auto, (max-width: 960px) 100vw, 960px\" \/><\/a><\/p>\n<p>S\u00ec, essere pap\u00e0 e mamma \u00e8 la cosa pi\u00f9 bella che possa capitare nella vita. Udite, udite: anche noi alla vostra et\u00e0 &#8211; soprattutto grazie ai nostri nonni e padri &#8211; abbiamo iniziato ad avere <strong>una grande simpatia per i Grigi<\/strong>. Col passare degli anni poi, ci siamo resi conto che nessuno avrebbe mai potuto farci cambiare idea. <strong>Quella che c\u2019\u00e8 in questo libro \u00e8 nient\u2019altro che una lunga storia<\/strong>, tutta vera, <strong>dell\u2019Alessandria Calcio, raccontata attraverso i fumetti,<\/strong> grazie al lavoro dei nostri amici<strong> Marcello e Carlo<\/strong>. Leggendo queste pagine, con la vostra fantasia, potrete immergervi un <strong>un\u2019avventura fatta di tante emozioni e sognare, sognare, sognare<\/strong> \u2026 e n<strong>oi di Museo Grigio vogliamo farvi sognare<\/strong>. La vostra et\u00e0 \u00e8 quella dei sogni e della spensieratezza. \u00c8 giusto che sia cos\u00ec. Conoscerete <strong>la vita dei giocatori dei Grigi<\/strong>: alcuni sono stati tra i pi\u00f9 grandi campioni del calcio, come<strong> Giuanin Ferrari<\/strong>. Saprete che ci sono stati grandi delusioni e grandi trionfi, i cori, gli applausi\u2026 i pomodori\u2026 <strong>non certo per condire gli spaghetti!<\/strong>. Sentirete parlare delle <strong>maglie grigie, uniche al mondo<\/strong>.<\/p>\n<p><a href=\"http:\/\/www.museogrigio.it\/wp\/wp-content\/uploads\/2016\/12\/Libro-fumetti-1.jpg\"><img loading=\"lazy\" decoding=\"async\" class=\"alignnone size-full wp-image-11131\" src=\"http:\/\/www.museogrigio.it\/wp\/wp-content\/uploads\/2016\/12\/Libro-fumetti-1.jpg\" alt=\"libro-fumetti-1\" width=\"906\" height=\"691\" srcset=\"https:\/\/www.museogrigio.it\/wp\/wp-content\/uploads\/2016\/12\/Libro-fumetti-1.jpg 906w, https:\/\/www.museogrigio.it\/wp\/wp-content\/uploads\/2016\/12\/Libro-fumetti-1-300x229.jpg 300w, https:\/\/www.museogrigio.it\/wp\/wp-content\/uploads\/2016\/12\/Libro-fumetti-1-624x476.jpg 624w\" sizes=\"auto, (max-width: 906px) 100vw, 906px\" \/><\/a><\/p>\n<p>Quelle di lana molto vecchie e consumate, quelle ricucite con amore da mamme orgogliose dei loro piccoli grandi giocatori. Sicuramente sarete sorpresi da quel calcio con <strong>i giocatori che avevano scarponcini al posto delle scarpe, i palloni erano tutti marroni e ci si rivolgeva all\u2019allenatore George Smith chiamandolo per la prima volta Mister<\/strong>, proprio perch\u00e9 era inglese. <strong>Quei Grigi giocavano in un campo chiamato \u201cIl pollaio\u201d.<\/strong> Perch\u00e9 qui le squadre avversarie venivano spennate come i polli! Per vostra e nostra fortuna il pallone continua a rotolare. <strong>Un bambino con la palla tra i piedi \u00e8 un bambino sempre felice<\/strong>. Per voi, come per noi, negli zaini di scuola ci sono ancora <strong>le mitiche figurine<\/strong>, indispensabili per gli scambi. Ora <strong>ci potr\u00e0 essere anche questo libro<\/strong>, con la speranza che, oltre a leggerlo, vi appassioni a vivere lo sport, che \u00e8 <strong>una scuola di vita<\/strong>.<\/p>\n<p><a href=\"http:\/\/www.museogrigio.it\/wp\/wp-content\/uploads\/2016\/12\/Libro-fumetti.-2.pg_.jpg\"><img loading=\"lazy\" decoding=\"async\" class=\"alignnone size-full wp-image-11133\" src=\"http:\/\/www.museogrigio.it\/wp\/wp-content\/uploads\/2016\/12\/Libro-fumetti.-2.pg_.jpg\" alt=\"libro-fumetti-2-pg\" width=\"916\" height=\"749\" srcset=\"https:\/\/www.museogrigio.it\/wp\/wp-content\/uploads\/2016\/12\/Libro-fumetti.-2.pg_.jpg 916w, https:\/\/www.museogrigio.it\/wp\/wp-content\/uploads\/2016\/12\/Libro-fumetti.-2.pg_-300x245.jpg 300w, https:\/\/www.museogrigio.it\/wp\/wp-content\/uploads\/2016\/12\/Libro-fumetti.-2.pg_-624x510.jpg 624w\" sizes=\"auto, (max-width: 916px) 100vw, 916px\" \/><\/a><\/p>\n<p><strong>Avete sentito, cari pap\u00e0,<\/strong> voi che sognate di poter sfiorare con lo sguardo <strong>il magico piede di Gonzalez?<\/strong> Non perdete l\u2019occasione di questo libro, per <strong>avvicinare i vostri figli alla fede calcistica<\/strong>. Per insegnare loro quello che \u00e8 stato insegnato a voi: <strong>\u201cNoi siamo i Grigi, \u00e8 cos\u00ec che tutti ci conoscono, una squadra nobile, mitica, da leggenda!\u201d<\/strong>.<\/p>\n","protected":false},"excerpt":{"rendered":"<p>S\u00ec, essere pap\u00e0 e mamma \u00e8 la cosa pi\u00f9 bella che possa capitare nella vita. Udite, udite: anche noi alla vostra et\u00e0 &#8211; soprattutto grazie ai nostri nonni e padri &#8211; abbiamo iniziato ad avere una grande simpatia per i Grigi. Col passare degli anni poi, ci siamo resi conto che nessuno avrebbe mai potuto [&hellip;]<\/p>\n","protected":false},"author":3,"featured_media":0,"comment_status":"closed","ping_status":"closed","sticky":false,"template":"","format":"standard","meta":{"_et_pb_use_builder":"","_et_pb_old_content":"","_et_gb_content_width":"","inline_featured_image":false,"_monsterinsights_skip_tracking":false,"_monsterinsights_sitenote_active":false,"_monsterinsights_sitenote_note":"","_monsterinsights_sitenote_category":0,"footnotes":""},"categories":[14],"tags":[],"class_list":["post-11128","post","type-post","status-publish","format-standard","hentry","category-racconti-da-grigi"],"yoast_head":"<!-- This site is optimized with the Yoast SEO plugin v26.6 - https:\/\/yoast.com\/wordpress\/plugins\/seo\/ -->\n<title>La storia dei Grigi a fumetti... Che figata! Stiamo arrivando!... - Museo Grigio<\/title>\n<meta name=\"robots\" content=\"index, follow, max-snippet:-1, max-image-preview:large, max-video-preview:-1\" \/>\n<link rel=\"canonical\" href=\"https:\/\/www.museogrigio.it\/wp\/la-storia-dei-grigi-a-fumetti-che-figata-stiamo-arrivando\/\" \/>\n<meta property=\"og:locale\" content=\"it_IT\" \/>\n<meta property=\"og:type\" content=\"article\" \/>\n<meta property=\"og:title\" content=\"La storia dei Grigi a fumetti... Che figata! Stiamo arrivando!... - Museo Grigio\" \/>\n<meta property=\"og:description\" content=\"S\u00ec, essere pap\u00e0 e mamma \u00e8 la cosa pi\u00f9 bella che possa capitare nella vita. Udite, udite: anche noi alla vostra et\u00e0 &#8211; soprattutto grazie ai nostri nonni e padri &#8211; abbiamo iniziato ad avere una grande simpatia per i Grigi. Col passare degli anni poi, ci siamo resi conto che nessuno avrebbe mai potuto [&hellip;]\" \/>\n<meta property=\"og:url\" content=\"https:\/\/www.museogrigio.it\/wp\/la-storia-dei-grigi-a-fumetti-che-figata-stiamo-arrivando\/\" \/>\n<meta property=\"og:site_name\" content=\"Museo Grigio\" \/>\n<meta property=\"article:published_time\" content=\"2016-12-14T09:11:32+00:00\" \/>\n<meta property=\"article:modified_time\" content=\"2020-08-24T13:00:59+00:00\" \/>\n<meta property=\"og:image\" content=\"https:\/\/www.museogrigio.it\/wp\/wp-content\/uploads\/2020\/08\/Pubblicita-libro.jpg\" \/>\n<meta name=\"author\" content=\"mgblogger\" \/>\n<meta name=\"twitter:card\" content=\"summary_large_image\" \/>\n<meta name=\"twitter:label1\" content=\"Scritto da\" \/>\n\t<meta name=\"twitter:data1\" content=\"mgblogger\" \/>\n\t<meta name=\"twitter:label2\" content=\"Tempo di lettura stimato\" \/>\n\t<meta name=\"twitter:data2\" content=\"2 minuti\" \/>\n<script type=\"application\/ld+json\" class=\"yoast-schema-graph\">{\"@context\":\"https:\/\/schema.org\",\"@graph\":[{\"@type\":\"WebPage\",\"@id\":\"https:\/\/www.museogrigio.it\/wp\/la-storia-dei-grigi-a-fumetti-che-figata-stiamo-arrivando\/\",\"url\":\"https:\/\/www.museogrigio.it\/wp\/la-storia-dei-grigi-a-fumetti-che-figata-stiamo-arrivando\/\",\"name\":\"La storia dei Grigi a fumetti... Che figata! Stiamo arrivando!... - Museo Grigio\",\"isPartOf\":{\"@id\":\"https:\/\/www.museogrigio.it\/wp\/#website\"},\"primaryImageOfPage\":{\"@id\":\"https:\/\/www.museogrigio.it\/wp\/la-storia-dei-grigi-a-fumetti-che-figata-stiamo-arrivando\/#primaryimage\"},\"image\":{\"@id\":\"https:\/\/www.museogrigio.it\/wp\/la-storia-dei-grigi-a-fumetti-che-figata-stiamo-arrivando\/#primaryimage\"},\"thumbnailUrl\":\"https:\/\/www.museogrigio.it\/wp\/wp-content\/uploads\/2020\/08\/Pubblicita-libro.jpg\",\"datePublished\":\"2016-12-14T09:11:32+00:00\",\"dateModified\":\"2020-08-24T13:00:59+00:00\",\"author\":{\"@id\":\"https:\/\/www.museogrigio.it\/wp\/#\/schema\/person\/7ae7f5a79c8f571fd56d74aabb80b3f3\"},\"breadcrumb\":{\"@id\":\"https:\/\/www.museogrigio.it\/wp\/la-storia-dei-grigi-a-fumetti-che-figata-stiamo-arrivando\/#breadcrumb\"},\"inLanguage\":\"it-IT\",\"potentialAction\":[{\"@type\":\"ReadAction\",\"target\":[\"https:\/\/www.museogrigio.it\/wp\/la-storia-dei-grigi-a-fumetti-che-figata-stiamo-arrivando\/\"]}]},{\"@type\":\"ImageObject\",\"inLanguage\":\"it-IT\",\"@id\":\"https:\/\/www.museogrigio.it\/wp\/la-storia-dei-grigi-a-fumetti-che-figata-stiamo-arrivando\/#primaryimage\",\"url\":\"https:\/\/www.museogrigio.it\/wp\/wp-content\/uploads\/2020\/08\/Pubblicita-libro.jpg\",\"contentUrl\":\"https:\/\/www.museogrigio.it\/wp\/wp-content\/uploads\/2020\/08\/Pubblicita-libro.jpg\",\"width\":960,\"height\":599},{\"@type\":\"BreadcrumbList\",\"@id\":\"https:\/\/www.museogrigio.it\/wp\/la-storia-dei-grigi-a-fumetti-che-figata-stiamo-arrivando\/#breadcrumb\",\"itemListElement\":[{\"@type\":\"ListItem\",\"position\":1,\"name\":\"Home\",\"item\":\"https:\/\/www.museogrigio.it\/wp\/\"},{\"@type\":\"ListItem\",\"position\":2,\"name\":\"La storia dei Grigi a fumetti&#8230; Che figata! Stiamo arrivando!&#8230;\"}]},{\"@type\":\"WebSite\",\"@id\":\"https:\/\/www.museogrigio.it\/wp\/#website\",\"url\":\"https:\/\/www.museogrigio.it\/wp\/\",\"name\":\"Museo Grigio\",\"description\":\"Museo Grigio Blog\",\"potentialAction\":[{\"@type\":\"SearchAction\",\"target\":{\"@type\":\"EntryPoint\",\"urlTemplate\":\"https:\/\/www.museogrigio.it\/wp\/?s={search_term_string}\"},\"query-input\":{\"@type\":\"PropertyValueSpecification\",\"valueRequired\":true,\"valueName\":\"search_term_string\"}}],\"inLanguage\":\"it-IT\"},{\"@type\":\"Person\",\"@id\":\"https:\/\/www.museogrigio.it\/wp\/#\/schema\/person\/7ae7f5a79c8f571fd56d74aabb80b3f3\",\"name\":\"mgblogger\",\"image\":{\"@type\":\"ImageObject\",\"inLanguage\":\"it-IT\",\"@id\":\"https:\/\/www.museogrigio.it\/wp\/#\/schema\/person\/image\/\",\"url\":\"https:\/\/secure.gravatar.com\/avatar\/c01466dbaec6f151089fefd81e4e31df853c7b5c4af467acdacd2bda7e1e497a?s=96&d=mm&r=g\",\"contentUrl\":\"https:\/\/secure.gravatar.com\/avatar\/c01466dbaec6f151089fefd81e4e31df853c7b5c4af467acdacd2bda7e1e497a?s=96&d=mm&r=g\",\"caption\":\"mgblogger\"},\"url\":\"https:\/\/www.museogrigio.it\/wp\/author\/mgblogger\/\"}]}<\/script>\n<!-- \/ Yoast SEO plugin. -->","yoast_head_json":{"title":"La storia dei Grigi a fumetti... Che figata! Stiamo arrivando!... - Museo Grigio","robots":{"index":"index","follow":"follow","max-snippet":"max-snippet:-1","max-image-preview":"max-image-preview:large","max-video-preview":"max-video-preview:-1"},"canonical":"https:\/\/www.museogrigio.it\/wp\/la-storia-dei-grigi-a-fumetti-che-figata-stiamo-arrivando\/","og_locale":"it_IT","og_type":"article","og_title":"La storia dei Grigi a fumetti... Che figata! Stiamo arrivando!... - Museo Grigio","og_description":"S\u00ec, essere pap\u00e0 e mamma \u00e8 la cosa pi\u00f9 bella che possa capitare nella vita. Udite, udite: anche noi alla vostra et\u00e0 &#8211; soprattutto grazie ai nostri nonni e padri &#8211; abbiamo iniziato ad avere una grande simpatia per i Grigi. Col passare degli anni poi, ci siamo resi conto che nessuno avrebbe mai potuto [&hellip;]","og_url":"https:\/\/www.museogrigio.it\/wp\/la-storia-dei-grigi-a-fumetti-che-figata-stiamo-arrivando\/","og_site_name":"Museo Grigio","article_published_time":"2016-12-14T09:11:32+00:00","article_modified_time":"2020-08-24T13:00:59+00:00","og_image":[{"url":"https:\/\/www.museogrigio.it\/wp\/wp-content\/uploads\/2020\/08\/Pubblicita-libro.jpg","type":"","width":"","height":""}],"author":"mgblogger","twitter_card":"summary_large_image","twitter_misc":{"Scritto da":"mgblogger","Tempo di lettura stimato":"2 minuti"},"schema":{"@context":"https:\/\/schema.org","@graph":[{"@type":"WebPage","@id":"https:\/\/www.museogrigio.it\/wp\/la-storia-dei-grigi-a-fumetti-che-figata-stiamo-arrivando\/","url":"https:\/\/www.museogrigio.it\/wp\/la-storia-dei-grigi-a-fumetti-che-figata-stiamo-arrivando\/","name":"La storia dei Grigi a fumetti... Che figata! Stiamo arrivando!... - Museo Grigio","isPartOf":{"@id":"https:\/\/www.museogrigio.it\/wp\/#website"},"primaryImageOfPage":{"@id":"https:\/\/www.museogrigio.it\/wp\/la-storia-dei-grigi-a-fumetti-che-figata-stiamo-arrivando\/#primaryimage"},"image":{"@id":"https:\/\/www.museogrigio.it\/wp\/la-storia-dei-grigi-a-fumetti-che-figata-stiamo-arrivando\/#primaryimage"},"thumbnailUrl":"https:\/\/www.museogrigio.it\/wp\/wp-content\/uploads\/2020\/08\/Pubblicita-libro.jpg","datePublished":"2016-12-14T09:11:32+00:00","dateModified":"2020-08-24T13:00:59+00:00","author":{"@id":"https:\/\/www.museogrigio.it\/wp\/#\/schema\/person\/7ae7f5a79c8f571fd56d74aabb80b3f3"},"breadcrumb":{"@id":"https:\/\/www.museogrigio.it\/wp\/la-storia-dei-grigi-a-fumetti-che-figata-stiamo-arrivando\/#breadcrumb"},"inLanguage":"it-IT","potentialAction":[{"@type":"ReadAction","target":["https:\/\/www.museogrigio.it\/wp\/la-storia-dei-grigi-a-fumetti-che-figata-stiamo-arrivando\/"]}]},{"@type":"ImageObject","inLanguage":"it-IT","@id":"https:\/\/www.museogrigio.it\/wp\/la-storia-dei-grigi-a-fumetti-che-figata-stiamo-arrivando\/#primaryimage","url":"https:\/\/www.museogrigio.it\/wp\/wp-content\/uploads\/2020\/08\/Pubblicita-libro.jpg","contentUrl":"https:\/\/www.museogrigio.it\/wp\/wp-content\/uploads\/2020\/08\/Pubblicita-libro.jpg","width":960,"height":599},{"@type":"BreadcrumbList","@id":"https:\/\/www.museogrigio.it\/wp\/la-storia-dei-grigi-a-fumetti-che-figata-stiamo-arrivando\/#breadcrumb","itemListElement":[{"@type":"ListItem","position":1,"name":"Home","item":"https:\/\/www.museogrigio.it\/wp\/"},{"@type":"ListItem","position":2,"name":"La storia dei Grigi a fumetti&#8230; Che figata! Stiamo arrivando!&#8230;"}]},{"@type":"WebSite","@id":"https:\/\/www.museogrigio.it\/wp\/#website","url":"https:\/\/www.museogrigio.it\/wp\/","name":"Museo Grigio","description":"Museo Grigio Blog","potentialAction":[{"@type":"SearchAction","target":{"@type":"EntryPoint","urlTemplate":"https:\/\/www.museogrigio.it\/wp\/?s={search_term_string}"},"query-input":{"@type":"PropertyValueSpecification","valueRequired":true,"valueName":"search_term_string"}}],"inLanguage":"it-IT"},{"@type":"Person","@id":"https:\/\/www.museogrigio.it\/wp\/#\/schema\/person\/7ae7f5a79c8f571fd56d74aabb80b3f3","name":"mgblogger","image":{"@type":"ImageObject","inLanguage":"it-IT","@id":"https:\/\/www.museogrigio.it\/wp\/#\/schema\/person\/image\/","url":"https:\/\/secure.gravatar.com\/avatar\/c01466dbaec6f151089fefd81e4e31df853c7b5c4af467acdacd2bda7e1e497a?s=96&d=mm&r=g","contentUrl":"https:\/\/secure.gravatar.com\/avatar\/c01466dbaec6f151089fefd81e4e31df853c7b5c4af467acdacd2bda7e1e497a?s=96&d=mm&r=g","caption":"mgblogger"},"url":"https:\/\/www.museogrigio.it\/wp\/author\/mgblogger\/"}]}},"_links":{"self":[{"href":"https:\/\/www.museogrigio.it\/wp\/wp-json\/wp\/v2\/posts\/11128","targetHints":{"allow":["GET"]}}],"collection":[{"href":"https:\/\/www.museogrigio.it\/wp\/wp-json\/wp\/v2\/posts"}],"about":[{"href":"https:\/\/www.museogrigio.it\/wp\/wp-json\/wp\/v2\/types\/post"}],"author":[{"embeddable":true,"href":"https:\/\/www.museogrigio.it\/wp\/wp-json\/wp\/v2\/users\/3"}],"replies":[{"embeddable":true,"href":"https:\/\/www.museogrigio.it\/wp\/wp-json\/wp\/v2\/comments?post=11128"}],"version-history":[{"count":5,"href":"https:\/\/www.museogrigio.it\/wp\/wp-json\/wp\/v2\/posts\/11128\/revisions"}],"predecessor-version":[{"id":21137,"href":"https:\/\/www.museogrigio.it\/wp\/wp-json\/wp\/v2\/posts\/11128\/revisions\/21137"}],"wp:attachment":[{"href":"https:\/\/www.museogrigio.it\/wp\/wp-json\/wp\/v2\/media?parent=11128"}],"wp:term":[{"taxonomy":"category","embeddable":true,"href":"https:\/\/www.museogrigio.it\/wp\/wp-json\/wp\/v2\/categories?post=11128"},{"taxonomy":"post_tag","embeddable":true,"href":"https:\/\/www.museogrigio.it\/wp\/wp-json\/wp\/v2\/tags?post=11128"}],"curies":[{"name":"wp","href":"https:\/\/api.w.org\/{rel}","templated":true}]}}